{"id":1407,"date":"2016-08-17T10:41:22","date_gmt":"2016-08-17T10:41:22","guid":{"rendered":"http:\/\/graenaorkan.is\/?p=1407"},"modified":"2016-08-17T10:41:22","modified_gmt":"2016-08-17T10:41:22","slug":"radstefna-graenu-orkunnar-og-nordic-marina-um-vistvaena-orkugjafa-i-haftengdri-starfsemi","status":"publish","type":"post","link":"https:\/\/graenaorkan.is\/?p=1407","title":{"rendered":"R\u00e1\u00f0stefna Gr\u00e6nu orkunnar og Nordic Marina um vistv\u00e6na orkugjafa \u00ed haftengdri starfsemi"},"content":{"rendered":"<p align=\"center\"><a href=\"https:\/\/graenaorkan.is\/wp-content\/uploads\/2016\/08\/GO-logo.jpg\"><img decoding=\"async\" loading=\"lazy\" class=\"size-medium wp-image-1408\" title=\"GO logo\" src=\"https:\/\/graenaorkan.is\/wp-content\/uploads\/2016\/08\/GO-logo-300x113.jpg\" alt=\"\" width=\"240\" height=\"70\" \/><\/a><\/p>\n<p style=\"text-align: left;\"><span style=\"font-weight: 300;\">Gr\u00e6na orkan vill vekja athygli \u00e1 r\u00e1\u00f0stefnunni <\/span><em style=\"font-weight: 300;\"><a href=\"http:\/\/nordbio2016.yourhost.is\/marina-4-october\/\">Making Marine Applications Greener<\/a><\/em><span style=\"font-weight: 300;\"> sem f\u00e9lagi\u00f0 stendur a\u00f0 \u00ed samstarfi vi\u00f0 <\/span><a style=\"font-weight: 300;\" href=\"http:\/\/nordicmarina.com\/\">Nordic Marina<\/a><span style=\"font-weight: 300;\">, norr\u00e6nt tengslanet um aukningu hluta vistv\u00e6nna orkugjafa \u00ed haftengdri starfsemi.<\/span><\/p>\n<p style=\"text-align: left;\"><span style=\"font-weight: 300;\">R\u00e1\u00f0stefnan ver\u00f0ur haldin \u00e1 Grand H\u00f3tel Reykjav\u00edk \u00feri\u00f0judaginn 4. okt\u00f3ber fr\u00e1 8:30 til 17:00. \u00cd lok hennar ver\u00f0a veitt ver\u00f0laun \u00ed hugmyndasamkeppninni um <\/span><a style=\"font-weight: 300;\" href=\"https:\/\/www.atvinnuvegaraduneyti.is\/idnadar-og-vidskiptamal\/frettir\/hugmyndasamkeppni-um-vistvaenni-skip-1\">Vistv\u00e6n skip<\/a><span style=\"font-weight: 300;\">. Fj\u00f6lmargir fyrirlesarar munu fjalla um norr\u00e6n verkefni og ranns\u00f3knir er tengjast vistv\u00e6nni orku \u00ed haftengdri starfsemi og m\u00e1 \u00fear nefna fulltr\u00faa W\u00e4rtsil\u00e4, Bellona, Statens Vegvesen \u00ed Noregi, Prototech, H\u00e1sk\u00f3lans \u00ed Reykjav\u00edk, Selfa og EFLU. Innifali\u00f0 \u00ed 7000 kr\u00f3na r\u00e1\u00f0stefnugjaldi er kaffi, h\u00e1degismatur, m\u00f3ttaka \u00ed lok dags auk fer\u00f0ar me\u00f0 rafdrifnu seglsk\u00fatunni Opal.<\/span><\/p>\n<p><span style=\"font-weight: 300;\">\u00a0<\/span><span style=\"font-weight: 300;\">H\u00e9r m\u00e1 n\u00e1lgast uppl\u00fdsingar um r\u00e1\u00f0stefnuna og skr\u00e1 sig til \u00fe\u00e1ttt\u00f6ku: <\/span><a style=\"font-weight: 300;\" href=\"http:\/\/nordbio2016.yourhost.is\/marina-4-october\/\">http:\/\/nordbio2016.yourhost.is\/marina-4-october\/<\/a><\/p>\n","protected":false},"excerpt":{"rendered":"<p>Gr\u00e6na orkan vill vekja athygli \u00e1 r\u00e1\u00f0stefnunni Making Marine Applications Greener sem f\u00e9lagi\u00f0 stendur a\u00f0 \u00ed samstarfi vi\u00f0 Nordic Marina, norr\u00e6nt tengslanet um aukningu hluta vistv\u00e6nna orkugjafa \u00ed haftengdri starfsemi. R\u00e1\u00f0stefnan ver\u00f0ur haldin \u00e1 Grand H\u00f3tel Reykjav\u00edk \u00feri\u00f0judaginn 4. okt\u00f3ber &hellip; <a href=\"https:\/\/graenaorkan.is\/?p=1407\">Continue reading <span class=\"meta-nav\">&rarr;<\/span><\/a><\/p>\n","protected":false},"author":5,"featured_media":0,"comment_status":"open","ping_status":"open","sticky":false,"template":"","format":"standard","meta":[],"categories":[5,19],"tags":[],"_links":{"self":[{"href":"https:\/\/graenaorkan.is\/index.php?rest_route=\/wp\/v2\/posts\/1407"}],"collection":[{"href":"https:\/\/graenaorkan.is\/index.php?rest_route=\/wp\/v2\/posts"}],"about":[{"href":"https:\/\/graenaorkan.is\/index.php?rest_route=\/wp\/v2\/types\/post"}],"author":[{"embeddable":true,"href":"https:\/\/graenaorkan.is\/index.php?rest_route=\/wp\/v2\/users\/5"}],"replies":[{"embeddable":true,"href":"https:\/\/graenaorkan.is\/index.php?rest_route=%2Fwp%2Fv2%2Fcomments&post=1407"}],"version-history":[{"count":2,"href":"https:\/\/graenaorkan.is\/index.php?rest_route=\/wp\/v2\/posts\/1407\/revisions"}],"predecessor-version":[{"id":1414,"href":"https:\/\/graenaorkan.is\/index.php?rest_route=\/wp\/v2\/posts\/1407\/revisions\/1414"}],"wp:attachment":[{"href":"https:\/\/graenaorkan.is\/index.php?rest_route=%2Fwp%2Fv2%2Fmedia&parent=1407"}],"wp:term":[{"taxonomy":"category","embeddable":true,"href":"https:\/\/graenaorkan.is\/index.php?rest_route=%2Fwp%2Fv2%2Fcategories&post=1407"},{"taxonomy":"post_tag","embeddable":true,"href":"https:\/\/graenaorkan.is\/index.php?rest_route=%2Fwp%2Fv2%2Ftags&post=1407"}],"curies":[{"name":"wp","href":"https:\/\/api.w.org\/{rel}","templated":true}]}}