{"id":1425,"date":"2016-09-19T09:44:51","date_gmt":"2016-09-19T09:44:51","guid":{"rendered":"http:\/\/graenaorkan.is\/?p=1425"},"modified":"2016-09-19T09:45:17","modified_gmt":"2016-09-19T09:45:17","slug":"1425","status":"publish","type":"post","link":"https:\/\/graenaorkan.is\/?p=1425","title":{"rendered":"Fyrirlestur um noktun repju vi\u00f0 orkuskipti  \u00ed samg\u00f6ngum"},"content":{"rendered":"<div data-block=\"true\" data-editor=\"1msg2\" data-offset-key=\"4pk0a-0-0\">\n<div data-offset-key=\"4pk0a-0-0\">\u00c1 samlokufundi fimmtudaginn 22. september kl. 12-13 mun Gylfi \u00c1rnason verkfr\u00e6\u00f0ingur fjalla um \u00edslenska repju og m\u00f6guleika \u00e1 notkun hennar vi\u00f0 orkuskipti \u00ed samg\u00f6ngum.<\/div>\n<\/div>\n<div data-block=\"true\" data-editor=\"1msg2\" data-offset-key=\"c098l-0-0\">\n<div data-offset-key=\"c098l-0-0\">Fyrirlesturinn er opinn \u00f6llum og skr\u00e1ning \u00f3\u00fe\u00f6rf.<\/div>\n<div data-offset-key=\"c098l-0-0\">Sj\u00e1 n\u00e1nar <a href=\"http:\/\/www.vfi.is\/vidburdir\/2016\/09\/22\/eventnr\/832\" target=\"_blank\">h\u00e9r<\/a> \u00e1 vef VF\u00cd<\/div>\n<\/div>\n","protected":false},"excerpt":{"rendered":"<p>\u00c1 samlokufundi fimmtudaginn 22. september kl. 12-13 mun Gylfi \u00c1rnason verkfr\u00e6\u00f0ingur fjalla um \u00edslenska repju og m\u00f6guleika \u00e1 notkun hennar vi\u00f0 orkuskipti \u00ed samg\u00f6ngum. Fyrirlesturinn er opinn \u00f6llum og skr\u00e1ning \u00f3\u00fe\u00f6rf. Sj\u00e1 n\u00e1nar h\u00e9r \u00e1 vef VF\u00cd<\/p>\n","protected":false},"author":5,"featured_media":0,"comment_status":"open","ping_status":"open","sticky":false,"template":"","format":"standard","meta":[],"categories":[5,12],"tags":[],"_links":{"self":[{"href":"https:\/\/graenaorkan.is\/index.php?rest_route=\/wp\/v2\/posts\/1425"}],"collection":[{"href":"https:\/\/graenaorkan.is\/index.php?rest_route=\/wp\/v2\/posts"}],"about":[{"href":"https:\/\/graenaorkan.is\/index.php?rest_route=\/wp\/v2\/types\/post"}],"author":[{"embeddable":true,"href":"https:\/\/graenaorkan.is\/index.php?rest_route=\/wp\/v2\/users\/5"}],"replies":[{"embeddable":true,"href":"https:\/\/graenaorkan.is\/index.php?rest_route=%2Fwp%2Fv2%2Fcomments&post=1425"}],"version-history":[{"count":2,"href":"https:\/\/graenaorkan.is\/index.php?rest_route=\/wp\/v2\/posts\/1425\/revisions"}],"predecessor-version":[{"id":1427,"href":"https:\/\/graenaorkan.is\/index.php?rest_route=\/wp\/v2\/posts\/1425\/revisions\/1427"}],"wp:attachment":[{"href":"https:\/\/graenaorkan.is\/index.php?rest_route=%2Fwp%2Fv2%2Fmedia&parent=1425"}],"wp:term":[{"taxonomy":"category","embeddable":true,"href":"https:\/\/graenaorkan.is\/index.php?rest_route=%2Fwp%2Fv2%2Fcategories&post=1425"},{"taxonomy":"post_tag","embeddable":true,"href":"https:\/\/graenaorkan.is\/index.php?rest_route=%2Fwp%2Fv2%2Ftags&post=1425"}],"curies":[{"name":"wp","href":"https:\/\/api.w.org\/{rel}","templated":true}]}}