{"id":1429,"date":"2016-09-21T11:17:36","date_gmt":"2016-09-21T11:17:36","guid":{"rendered":"http:\/\/graenaorkan.is\/?p=1429"},"modified":"2016-09-21T11:18:17","modified_gmt":"2016-09-21T11:18:17","slug":"radstefna-graenu-orkunnar-og-nordic-marina-um-vistvaena-orkugjafa-i-haftengdri-starfsemi-2","status":"publish","type":"post","link":"https:\/\/graenaorkan.is\/?p=1429","title":{"rendered":"R\u00e1\u00f0stefna Gr\u00e6nu orkunnar og Nordic Marina um vistv\u00e6na orkugjafa \u00ed haftengdri starfsemi"},"content":{"rendered":"<p align=\"center\"><a href=\"https:\/\/graenaorkan.is\/wp-content\/uploads\/2016\/09\/Gr\u00e6na-orkan-logo-bara-litur.png\"><img decoding=\"async\" loading=\"lazy\" class=\"size-medium wp-image-1430 alignnone\" title=\"Gr\u00e6na orkan logo bara litur\" src=\"https:\/\/graenaorkan.is\/wp-content\/uploads\/2016\/09\/Gr\u00e6na-orkan-logo-bara-litur-300x88.png\" alt=\"\" width=\"300\" height=\"88\" srcset=\"https:\/\/graenaorkan.is\/wp-content\/uploads\/2016\/09\/Gr\u00e6na-orkan-logo-bara-litur-300x88.png 300w, https:\/\/graenaorkan.is\/wp-content\/uploads\/2016\/09\/Gr\u00e6na-orkan-logo-bara-litur.png 344w\" sizes=\"(max-width: 300px) 100vw, 300px\" \/><\/a><\/p>\n<p>Gr\u00e6na orkan vill vekja athygli \u00e1 r\u00e1\u00f0stefnunni\u00a0<em><a href=\"http:\/\/nordbio2016.yourhost.is\/marina-4-october\/\">Making Marine Applications Greener<\/a><\/em>\u00a0sem f\u00e9lagi\u00f0 stendur a\u00f0 \u00ed samstarfi vi\u00f0\u00a0<a href=\"http:\/\/nordicmarina.com\/\">Nordic Marina<\/a>, norr\u00e6nt tengslanet um aukningu hluta vistv\u00e6nna orkugjafa \u00ed haftengdri starfsemi.<\/p>\n<p>R\u00e1\u00f0stefnan ver\u00f0ur haldin \u00e1 Grand H\u00f3tel Reykjav\u00edk \u00feri\u00f0judaginn 4. okt\u00f3ber fr\u00e1 8:30 til 17:00. \u00cd lok hennar ver\u00f0a veitt ver\u00f0laun \u00ed hugmyndasamkeppninni um\u00a0<a href=\"https:\/\/www.atvinnuvegaraduneyti.is\/idnadar-og-vidskiptamal\/frettir\/hugmyndasamkeppni-um-vistvaenni-skip-1\">Vistv\u00e6nni skip<\/a>. Fj\u00f6lmargir fyrirlesarar munu fjalla um norr\u00e6n verkefni og ranns\u00f3knir er tengjast vistv\u00e6nni orku \u00ed haftengdri starfsemi og m\u00e1 \u00fear nefna fulltr\u00faa W\u00e4rtsil\u00e4, Bellona, Statens Vegvesen \u00ed Noregi, Prototech, H\u00e1sk\u00f3lans \u00ed Reykjav\u00edk, Selfa og EFLU. Innifali\u00f0 \u00ed 7000 kr\u00f3na r\u00e1\u00f0stefnugjaldi er kaffi, h\u00e1degismatur, m\u00f3ttaka \u00ed lok dags auk fer\u00f0ar me\u00f0 rafdrifnu seglsk\u00fatunni Opal.<\/p>\n<p>H\u00e9r m\u00e1 n\u00e1lgast uppl\u00fdsingar um r\u00e1\u00f0stefnuna og skr\u00e1 sig til \u00fe\u00e1ttt\u00f6ku:<a href=\"http:\/\/nordbio2016.yourhost.is\/marina-4-october\/\">http:\/\/nordbio2016.yourhost.is\/marina-4-october\/<\/a><\/p>\n<p>N\u00e1nari uppl\u00fdsingar veitir Anna Margr\u00e9t Kornel\u00edusd\u00f3ttir \u00ed s\u00edma 863-6506 og \u00ed netfangi <a href=\"mailto:amk@newenergy.is\" target=\"_blank\">amk@newenergy.is<\/a>.<\/p>\n<p>&nbsp;<\/p>\n<p>&nbsp;<\/p>\n","protected":false},"excerpt":{"rendered":"<p>Gr\u00e6na orkan vill vekja athygli \u00e1 r\u00e1\u00f0stefnunni\u00a0Making Marine Applications Greener\u00a0sem f\u00e9lagi\u00f0 stendur a\u00f0 \u00ed samstarfi vi\u00f0\u00a0Nordic Marina, norr\u00e6nt tengslanet um aukningu hluta vistv\u00e6nna orkugjafa \u00ed haftengdri starfsemi. R\u00e1\u00f0stefnan ver\u00f0ur haldin \u00e1 Grand H\u00f3tel Reykjav\u00edk \u00feri\u00f0judaginn 4. okt\u00f3ber fr\u00e1 8:30 til &hellip; <a href=\"https:\/\/graenaorkan.is\/?p=1429\">Continue reading <span class=\"meta-nav\">&rarr;<\/span><\/a><\/p>\n","protected":false},"author":5,"featured_media":0,"comment_status":"open","ping_status":"open","sticky":false,"template":"","format":"standard","meta":[],"categories":[5],"tags":[],"_links":{"self":[{"href":"https:\/\/graenaorkan.is\/index.php?rest_route=\/wp\/v2\/posts\/1429"}],"collection":[{"href":"https:\/\/graenaorkan.is\/index.php?rest_route=\/wp\/v2\/posts"}],"about":[{"href":"https:\/\/graenaorkan.is\/index.php?rest_route=\/wp\/v2\/types\/post"}],"author":[{"embeddable":true,"href":"https:\/\/graenaorkan.is\/index.php?rest_route=\/wp\/v2\/users\/5"}],"replies":[{"embeddable":true,"href":"https:\/\/graenaorkan.is\/index.php?rest_route=%2Fwp%2Fv2%2Fcomments&post=1429"}],"version-history":[{"count":2,"href":"https:\/\/graenaorkan.is\/index.php?rest_route=\/wp\/v2\/posts\/1429\/revisions"}],"predecessor-version":[{"id":1432,"href":"https:\/\/graenaorkan.is\/index.php?rest_route=\/wp\/v2\/posts\/1429\/revisions\/1432"}],"wp:attachment":[{"href":"https:\/\/graenaorkan.is\/index.php?rest_route=%2Fwp%2Fv2%2Fmedia&parent=1429"}],"wp:term":[{"taxonomy":"category","embeddable":true,"href":"https:\/\/graenaorkan.is\/index.php?rest_route=%2Fwp%2Fv2%2Fcategories&post=1429"},{"taxonomy":"post_tag","embeddable":true,"href":"https:\/\/graenaorkan.is\/index.php?rest_route=%2Fwp%2Fv2%2Ftags&post=1429"}],"curies":[{"name":"wp","href":"https:\/\/api.w.org\/{rel}","templated":true}]}}