{"id":1433,"date":"2016-09-22T11:42:29","date_gmt":"2016-09-22T11:42:29","guid":{"rendered":"http:\/\/graenaorkan.is\/?p=1433"},"modified":"2016-09-22T11:42:29","modified_gmt":"2016-09-22T11:42:29","slug":"straeto-bs-kaupir-fjora-rafmagnsstraetisvagna","status":"publish","type":"post","link":"https:\/\/graenaorkan.is\/?p=1433","title":{"rendered":"Str\u00e6t\u00f3 bs kaupir fj\u00f3ra rafmagnsstr\u00e6tisvagna"},"content":{"rendered":"<p>Stj\u00f3rn Str\u00e6t\u00f3 bs hefur teki\u00f0 tilbo\u00f0i k\u00ednversks framlei\u00f0anda og mun kaup fj\u00f3ra rafmagnskn\u00fana<a href=\"http:\/\/yutongeurobus.se\/\" target=\"_blank\"> Yut\u00adong Eurobus<\/a> str\u00e6tisvagna fyrir t\u00e6par 300 millj\u00f3nir kr\u00f3na.<\/p>\n<p>Sj\u00e1 n\u00e1nar \u00ed umfj\u00f6llun <a href=\"http:\/\/www.mbl.is\/bill\/frettir\/2016\/09\/22\/straeto_kaupir_kinverska_rafvagna\/\" target=\"_blank\">mbl.is<\/a>.<\/p>\n","protected":false},"excerpt":{"rendered":"<p>Stj\u00f3rn Str\u00e6t\u00f3 bs hefur teki\u00f0 tilbo\u00f0i k\u00ednversks framlei\u00f0anda og mun kaup fj\u00f3ra rafmagnskn\u00fana Yut\u00adong Eurobus str\u00e6tisvagna fyrir t\u00e6par 300 millj\u00f3nir kr\u00f3na. Sj\u00e1 n\u00e1nar \u00ed umfj\u00f6llun mbl.is.<\/p>\n","protected":false},"author":5,"featured_media":0,"comment_status":"open","ping_status":"open","sticky":false,"template":"","format":"standard","meta":[],"categories":[10,18],"tags":[],"_links":{"self":[{"href":"https:\/\/graenaorkan.is\/index.php?rest_route=\/wp\/v2\/posts\/1433"}],"collection":[{"href":"https:\/\/graenaorkan.is\/index.php?rest_route=\/wp\/v2\/posts"}],"about":[{"href":"https:\/\/graenaorkan.is\/index.php?rest_route=\/wp\/v2\/types\/post"}],"author":[{"embeddable":true,"href":"https:\/\/graenaorkan.is\/index.php?rest_route=\/wp\/v2\/users\/5"}],"replies":[{"embeddable":true,"href":"https:\/\/graenaorkan.is\/index.php?rest_route=%2Fwp%2Fv2%2Fcomments&post=1433"}],"version-history":[{"count":1,"href":"https:\/\/graenaorkan.is\/index.php?rest_route=\/wp\/v2\/posts\/1433\/revisions"}],"predecessor-version":[{"id":1434,"href":"https:\/\/graenaorkan.is\/index.php?rest_route=\/wp\/v2\/posts\/1433\/revisions\/1434"}],"wp:attachment":[{"href":"https:\/\/graenaorkan.is\/index.php?rest_route=%2Fwp%2Fv2%2Fmedia&parent=1433"}],"wp:term":[{"taxonomy":"category","embeddable":true,"href":"https:\/\/graenaorkan.is\/index.php?rest_route=%2Fwp%2Fv2%2Fcategories&post=1433"},{"taxonomy":"post_tag","embeddable":true,"href":"https:\/\/graenaorkan.is\/index.php?rest_route=%2Fwp%2Fv2%2Ftags&post=1433"}],"curies":[{"name":"wp","href":"https:\/\/api.w.org\/{rel}","templated":true}]}}