{"id":1438,"date":"2016-10-24T13:01:11","date_gmt":"2016-10-24T13:01:11","guid":{"rendered":"http:\/\/graenaorkan.is\/?p=1438"},"modified":"2016-10-24T13:01:11","modified_gmt":"2016-10-24T13:01:11","slug":"thradlaus-hledsla-mercedes-benz-vaentanleg","status":"publish","type":"post","link":"https:\/\/graenaorkan.is\/?p=1438","title":{"rendered":"\u00der\u00e1\u00f0laus hle\u00f0sla Mercedes Benz v\u00e6ntanleg"},"content":{"rendered":"<p>Mercedes Benz s550e tvinnb\u00edlinn ver\u00f0ur fyrstur sinnar tegundar til a\u00f0 bj\u00f3\u00f0a upp \u00e1 m\u00f6guleikann \u00e1 \u00fer\u00e1\u00f0lausri hle\u00f0slu. Nota\u00f0 ver\u00f0ur Qualcomm Halo kerfi \u00ed hle\u00f0sluna en ekki hafa veri\u00f0 gefnar frekari uppl\u00fdsingar um \u00fea\u00f0, a\u00f0rar en a\u00f0 n\u00fdtni \u00feess ver\u00f0i 90%.<\/p>\n<p>Sj\u00e1 n\u00e1nar \u00ed grein Green Car Reports <a href=\"http:\/\/www.greencarreports.com\/news\/1106812_mercedes-benz-s550e-wireless-charging-comes-into-focus\" target=\"_blank\">h\u00e9r<\/a>.<\/p>\n<p><img decoding=\"async\" class=\"aligncenter\" src=\"http:\/\/images.hgmsites.net\/med\/mercedes-benz-wireless-inductive-charging-system_100556310_m.jpg\" alt=\"Mercedes-Benz wireless inductive charging system\" \/><\/p>\n","protected":false},"excerpt":{"rendered":"<p>Mercedes Benz s550e tvinnb\u00edlinn ver\u00f0ur fyrstur sinnar tegundar til a\u00f0 bj\u00f3\u00f0a upp \u00e1 m\u00f6guleikann \u00e1 \u00fer\u00e1\u00f0lausri hle\u00f0slu. Nota\u00f0 ver\u00f0ur Qualcomm Halo kerfi \u00ed hle\u00f0sluna en ekki hafa veri\u00f0 gefnar frekari uppl\u00fdsingar um \u00fea\u00f0, a\u00f0rar en a\u00f0 n\u00fdtni \u00feess ver\u00f0i 90%. &hellip; <a href=\"https:\/\/graenaorkan.is\/?p=1438\">Continue reading <span class=\"meta-nav\">&rarr;<\/span><\/a><\/p>\n","protected":false},"author":5,"featured_media":0,"comment_status":"open","ping_status":"open","sticky":false,"template":"","format":"standard","meta":[],"categories":[3,17,10],"tags":[],"_links":{"self":[{"href":"https:\/\/graenaorkan.is\/index.php?rest_route=\/wp\/v2\/posts\/1438"}],"collection":[{"href":"https:\/\/graenaorkan.is\/index.php?rest_route=\/wp\/v2\/posts"}],"about":[{"href":"https:\/\/graenaorkan.is\/index.php?rest_route=\/wp\/v2\/types\/post"}],"author":[{"embeddable":true,"href":"https:\/\/graenaorkan.is\/index.php?rest_route=\/wp\/v2\/users\/5"}],"replies":[{"embeddable":true,"href":"https:\/\/graenaorkan.is\/index.php?rest_route=%2Fwp%2Fv2%2Fcomments&post=1438"}],"version-history":[{"count":1,"href":"https:\/\/graenaorkan.is\/index.php?rest_route=\/wp\/v2\/posts\/1438\/revisions"}],"predecessor-version":[{"id":1439,"href":"https:\/\/graenaorkan.is\/index.php?rest_route=\/wp\/v2\/posts\/1438\/revisions\/1439"}],"wp:attachment":[{"href":"https:\/\/graenaorkan.is\/index.php?rest_route=%2Fwp%2Fv2%2Fmedia&parent=1438"}],"wp:term":[{"taxonomy":"category","embeddable":true,"href":"https:\/\/graenaorkan.is\/index.php?rest_route=%2Fwp%2Fv2%2Fcategories&post=1438"},{"taxonomy":"post_tag","embeddable":true,"href":"https:\/\/graenaorkan.is\/index.php?rest_route=%2Fwp%2Fv2%2Ftags&post=1438"}],"curies":[{"name":"wp","href":"https:\/\/api.w.org\/{rel}","templated":true}]}}