{"id":1440,"date":"2016-11-02T11:02:19","date_gmt":"2016-11-02T11:02:19","guid":{"rendered":"http:\/\/graenaorkan.is\/?p=1440"},"modified":"2016-11-02T11:02:19","modified_gmt":"2016-11-02T11:02:19","slug":"vetnislest-profud-i-thyskalandi","status":"publish","type":"post","link":"https:\/\/graenaorkan.is\/?p=1440","title":{"rendered":"Vetnislest pr\u00f3fu\u00f0 \u00ed \u00de\u00fdskalandi"},"content":{"rendered":"<p>Franski lesta\u00edhlutaframlei\u00f0andinn Alstom hefur n\u00fa hafi\u00f0 pr\u00f3fanir \u00e1 vetnisdrifinn lest sinni, Coradia iLint, en reikna\u00f0 er me\u00f0 a\u00f0 h\u00fan ver\u00f0i tekin \u00ed notkun \u00ed desember 2017. \u00de\u00e1 mun lestin, sem hefur um 500 km dr\u00e6gi og mun ganga \u00e1 milli Buxtehude og Cuxhaven, ganga fyrir vetni sem er afgangsafur\u00f0 fr\u00e1 efnai\u00f0na\u00f0i \u00e1 sv\u00e6\u00f0inu.<\/p>\n<p>Sj\u00e1 n\u00e1nar \u00ed fr\u00e9tt <a href=\"http:\/\/www.greencarreports.com\/news\/1106965_alstom-hydrogen-fuel-cell-train-to-be-tested-in-germany\" target=\"_blank\">h\u00e9r<\/a>.<\/p>\n<p><img decoding=\"async\" class=\"aligncenter\" src=\"http:\/\/images.hgmsites.net\/med\/alstom-coradia-ilint-hydrogen-fuel-cell-train_100579158_m.jpg\" alt=\"Alstom Coradia iLint hydrogen fuel-cell train\" \/><\/p>\n","protected":false},"excerpt":{"rendered":"<p>Franski lesta\u00edhlutaframlei\u00f0andinn Alstom hefur n\u00fa hafi\u00f0 pr\u00f3fanir \u00e1 vetnisdrifinn lest sinni, Coradia iLint, en reikna\u00f0 er me\u00f0 a\u00f0 h\u00fan ver\u00f0i tekin \u00ed notkun \u00ed desember 2017. \u00de\u00e1 mun lestin, sem hefur um 500 km dr\u00e6gi og mun ganga \u00e1 milli &hellip; <a href=\"https:\/\/graenaorkan.is\/?p=1440\">Continue reading <span class=\"meta-nav\">&rarr;<\/span><\/a><\/p>\n","protected":false},"author":5,"featured_media":0,"comment_status":"open","ping_status":"open","sticky":false,"template":"","format":"standard","meta":[],"categories":[18,11],"tags":[],"_links":{"self":[{"href":"https:\/\/graenaorkan.is\/index.php?rest_route=\/wp\/v2\/posts\/1440"}],"collection":[{"href":"https:\/\/graenaorkan.is\/index.php?rest_route=\/wp\/v2\/posts"}],"about":[{"href":"https:\/\/graenaorkan.is\/index.php?rest_route=\/wp\/v2\/types\/post"}],"author":[{"embeddable":true,"href":"https:\/\/graenaorkan.is\/index.php?rest_route=\/wp\/v2\/users\/5"}],"replies":[{"embeddable":true,"href":"https:\/\/graenaorkan.is\/index.php?rest_route=%2Fwp%2Fv2%2Fcomments&post=1440"}],"version-history":[{"count":1,"href":"https:\/\/graenaorkan.is\/index.php?rest_route=\/wp\/v2\/posts\/1440\/revisions"}],"predecessor-version":[{"id":1441,"href":"https:\/\/graenaorkan.is\/index.php?rest_route=\/wp\/v2\/posts\/1440\/revisions\/1441"}],"wp:attachment":[{"href":"https:\/\/graenaorkan.is\/index.php?rest_route=%2Fwp%2Fv2%2Fmedia&parent=1440"}],"wp:term":[{"taxonomy":"category","embeddable":true,"href":"https:\/\/graenaorkan.is\/index.php?rest_route=%2Fwp%2Fv2%2Fcategories&post=1440"},{"taxonomy":"post_tag","embeddable":true,"href":"https:\/\/graenaorkan.is\/index.php?rest_route=%2Fwp%2Fv2%2Ftags&post=1440"}],"curies":[{"name":"wp","href":"https:\/\/api.w.org\/{rel}","templated":true}]}}