{"id":1443,"date":"2016-11-14T11:59:52","date_gmt":"2016-11-14T11:59:52","guid":{"rendered":"http:\/\/graenaorkan.is\/?p=1443"},"modified":"2016-11-14T11:59:52","modified_gmt":"2016-11-14T11:59:52","slug":"bill-gates-kallar-eftir-kraftaverki-i-orkumalum","status":"publish","type":"post","link":"https:\/\/graenaorkan.is\/?p=1443","title":{"rendered":"Bill Gates kallar eftir kraftaverki \u00ed orkum\u00e1lum"},"content":{"rendered":"<p>Bill Gates segir \u00ed n\u00fdlegu vi\u00f0tali vi\u00f0 The Atlantic a\u00f0 einkageirinn s\u00e9 einfaldlega of eigingjarn til a\u00f0 \u00fer\u00f3a hreina og hagkv\u00e6ma orkugjafa sem leyst g\u00e6tu jar\u00f0efnaeldsneyti af h\u00f3lmi. \u00cd sama vi\u00f0tali tilkynnti hann um 2 milljar\u00f0a dollara framlag til m\u00e1lefnisins og skora\u00f0i \u00e1 a\u00f0ra til a\u00f0 gera sl\u00edkt hi\u00f0 sama, til \u00feess a\u00f0 Bandar\u00edkin m\u00e6ttu ver\u00f0a kolefnislaus \u00e1ri\u00f0 2050.<\/p>\n<p>Sj\u00e1 vi\u00f0tali\u00f0 \u00ed heild sinni <a href=\"http:\/\/www.theatlantic.com\/magazine\/archive\/2015\/11\/we-need-an-energy-miracle\/407881\/\" target=\"_blank\">h\u00e9r<\/a>.<\/p>\n","protected":false},"excerpt":{"rendered":"<p>Bill Gates segir \u00ed n\u00fdlegu vi\u00f0tali vi\u00f0 The Atlantic a\u00f0 einkageirinn s\u00e9 einfaldlega of eigingjarn til a\u00f0 \u00fer\u00f3a hreina og hagkv\u00e6ma orkugjafa sem leyst g\u00e6tu jar\u00f0efnaeldsneyti af h\u00f3lmi. \u00cd sama vi\u00f0tali tilkynnti hann um 2 milljar\u00f0a dollara framlag til m\u00e1lefnisins &hellip; <a href=\"https:\/\/graenaorkan.is\/?p=1443\">Continue reading <span class=\"meta-nav\">&rarr;<\/span><\/a><\/p>\n","protected":false},"author":5,"featured_media":0,"comment_status":"open","ping_status":"open","sticky":false,"template":"","format":"standard","meta":[],"categories":[17,20,19,18,21],"tags":[],"_links":{"self":[{"href":"https:\/\/graenaorkan.is\/index.php?rest_route=\/wp\/v2\/posts\/1443"}],"collection":[{"href":"https:\/\/graenaorkan.is\/index.php?rest_route=\/wp\/v2\/posts"}],"about":[{"href":"https:\/\/graenaorkan.is\/index.php?rest_route=\/wp\/v2\/types\/post"}],"author":[{"embeddable":true,"href":"https:\/\/graenaorkan.is\/index.php?rest_route=\/wp\/v2\/users\/5"}],"replies":[{"embeddable":true,"href":"https:\/\/graenaorkan.is\/index.php?rest_route=%2Fwp%2Fv2%2Fcomments&post=1443"}],"version-history":[{"count":1,"href":"https:\/\/graenaorkan.is\/index.php?rest_route=\/wp\/v2\/posts\/1443\/revisions"}],"predecessor-version":[{"id":1444,"href":"https:\/\/graenaorkan.is\/index.php?rest_route=\/wp\/v2\/posts\/1443\/revisions\/1444"}],"wp:attachment":[{"href":"https:\/\/graenaorkan.is\/index.php?rest_route=%2Fwp%2Fv2%2Fmedia&parent=1443"}],"wp:term":[{"taxonomy":"category","embeddable":true,"href":"https:\/\/graenaorkan.is\/index.php?rest_route=%2Fwp%2Fv2%2Fcategories&post=1443"},{"taxonomy":"post_tag","embeddable":true,"href":"https:\/\/graenaorkan.is\/index.php?rest_route=%2Fwp%2Fv2%2Ftags&post=1443"}],"curies":[{"name":"wp","href":"https:\/\/api.w.org\/{rel}","templated":true}]}}