{"id":1448,"date":"2016-11-28T10:28:15","date_gmt":"2016-11-28T10:28:15","guid":{"rendered":"http:\/\/graenaorkan.is\/?p=1448"},"modified":"2016-11-28T10:28:15","modified_gmt":"2016-11-28T10:28:15","slug":"vistvaenir-bilar-eru-i-storsokn","status":"publish","type":"post","link":"https:\/\/graenaorkan.is\/?p=1448","title":{"rendered":"Vistv\u00e6nir b\u00edlar eru \u00ed st\u00f3rs\u00f3kn"},"content":{"rendered":"<p>Fri\u00f0bert Fri\u00f0bertsson, forstj\u00f3ri Heklu, segir vistv\u00e6na b\u00edla vera \u00ed st\u00f3rs\u00f3kn og \u00ed dag bj\u00f3\u00f0i Hekla upp \u00e1 40 mismunandi b\u00edltegundir\u00a0og \u00fat\u00adf\u00e6rsl\u00adur \u00ed vist\u00adv\u00e6n\u00adum flokki fr\u00e1 Volkswagen, Audi, Mitsu\u00adbis\u00adhi og Skoda.\u00a0\u00a0Sala umbo\u00f0sins \u00e1 vist\u00adv\u00e6n\u00adum b\u00edl\u00adum er 50% meiri \u00ed \u00e1r en \u00ed fyrra.<\/p>\n<p>Sj\u00e1 n\u00e1nar \u00ed fr\u00e9tt \u00far <a href=\"http:\/\/www.mbl.is\/bill\/frettir\/2016\/11\/28\/vistvaenir_bilar_eru_i_storsokn\/\" target=\"_blank\">b\u00edlabla\u00f0i mbl.is<\/a>.<\/p>\n","protected":false},"excerpt":{"rendered":"<p>Fri\u00f0bert Fri\u00f0bertsson, forstj\u00f3ri Heklu, segir vistv\u00e6na b\u00edla vera \u00ed st\u00f3rs\u00f3kn og \u00ed dag bj\u00f3\u00f0i Hekla upp \u00e1 40 mismunandi b\u00edltegundir\u00a0og \u00fat\u00adf\u00e6rsl\u00adur \u00ed vist\u00adv\u00e6n\u00adum flokki fr\u00e1 Volkswagen, Audi, Mitsu\u00adbis\u00adhi og Skoda.\u00a0\u00a0Sala umbo\u00f0sins \u00e1 vist\u00adv\u00e6n\u00adum b\u00edl\u00adum er 50% meiri \u00ed \u00e1r en &hellip; <a href=\"https:\/\/graenaorkan.is\/?p=1448\">Continue reading <span class=\"meta-nav\">&rarr;<\/span><\/a><\/p>\n","protected":false},"author":5,"featured_media":0,"comment_status":"open","ping_status":"open","sticky":false,"template":"","format":"standard","meta":[],"categories":[3,8,10],"tags":[],"_links":{"self":[{"href":"https:\/\/graenaorkan.is\/index.php?rest_route=\/wp\/v2\/posts\/1448"}],"collection":[{"href":"https:\/\/graenaorkan.is\/index.php?rest_route=\/wp\/v2\/posts"}],"about":[{"href":"https:\/\/graenaorkan.is\/index.php?rest_route=\/wp\/v2\/types\/post"}],"author":[{"embeddable":true,"href":"https:\/\/graenaorkan.is\/index.php?rest_route=\/wp\/v2\/users\/5"}],"replies":[{"embeddable":true,"href":"https:\/\/graenaorkan.is\/index.php?rest_route=%2Fwp%2Fv2%2Fcomments&post=1448"}],"version-history":[{"count":1,"href":"https:\/\/graenaorkan.is\/index.php?rest_route=\/wp\/v2\/posts\/1448\/revisions"}],"predecessor-version":[{"id":1449,"href":"https:\/\/graenaorkan.is\/index.php?rest_route=\/wp\/v2\/posts\/1448\/revisions\/1449"}],"wp:attachment":[{"href":"https:\/\/graenaorkan.is\/index.php?rest_route=%2Fwp%2Fv2%2Fmedia&parent=1448"}],"wp:term":[{"taxonomy":"category","embeddable":true,"href":"https:\/\/graenaorkan.is\/index.php?rest_route=%2Fwp%2Fv2%2Fcategories&post=1448"},{"taxonomy":"post_tag","embeddable":true,"href":"https:\/\/graenaorkan.is\/index.php?rest_route=%2Fwp%2Fv2%2Ftags&post=1448"}],"curies":[{"name":"wp","href":"https:\/\/api.w.org\/{rel}","templated":true}]}}