{"id":1452,"date":"2016-12-12T10:54:19","date_gmt":"2016-12-12T10:54:19","guid":{"rendered":"http:\/\/graenaorkan.is\/?p=1452"},"modified":"2016-12-12T10:56:21","modified_gmt":"2016-12-12T10:56:21","slug":"paris-madrid-athena-og-mexikoborg-banna-disilbila-arid-2025","status":"publish","type":"post","link":"https:\/\/graenaorkan.is\/?p=1452","title":{"rendered":"Par\u00eds, Madr\u00edd, A\u00feena og Mex\u00edk\u00f3borg banna d\u00edsilb\u00edla fyrir \u00e1ri\u00f0 2025"},"content":{"rendered":"<p>Borgarstj\u00f3rar Par\u00edsar, Madr\u00eddar, A\u00feenu og Mex\u00edk\u00f3borgar tilkynntu n\u00fa fyrir sk\u00f6mmu eftir C40 r\u00e1\u00f0stefnu borgarstj\u00f3ra um loftslagsm\u00e1l a\u00f0 \u00feeir hyg\u00f0ust banna akstur d\u00edsilb\u00edla \u00ed mi\u00f0borgum s\u00ednum. Fj\u00f6ldi \u00feeirra hefur fari\u00f0 vaxandi s\u00ed\u00f0astli\u00f0in \u00e1r m.a. vegna \u00feess a\u00f0 \u00fatbl\u00e1stur d\u00edsilb\u00edla inniheldur hlutfallslega minna kold\u00edox\u00ed\u00f0 en \u00fatbl\u00e1stur bens\u00ednb\u00edla. Bruni d\u00edsils gefur hins vegar af s\u00e9r k\u00f6fnunarefnisd\u00edox\u00ed\u00f0 og s\u00f3t, sem valda mikilli mengun \u00ed st\u00f3rborgum og geta stu\u00f0la\u00f0 a\u00f0 \u00f6ndunarf\u00e6rasj\u00fakd\u00f3mum. Talsma\u00f0ur Friends of the Earth, Jenny Bates, fagnar \u00e1kv\u00f6r\u00f0uninni og telur hana vera mikilv\u00e6gur li\u00f0ur \u00ed \u00fev\u00ed a\u00f0 draga \u00far loftslags\u00e1hrifum af manna v\u00f6ldum.<\/p>\n<p>Sj\u00e1 n\u00e1nar h\u00e9r \u00ed grein <a href=\"http:\/\/www.climateactionprogramme.org\/news\/paris_madrid_athens_and_mexico_city_to_ban_diesel_cars_from_city_centres\" target=\"_blank\">Climate Action<\/a>.<\/p>\n<p>&nbsp;<\/p>\n<p>&nbsp;<\/p>\n","protected":false},"excerpt":{"rendered":"<p>Borgarstj\u00f3rar Par\u00edsar, Madr\u00eddar, A\u00feenu og Mex\u00edk\u00f3borgar tilkynntu n\u00fa fyrir sk\u00f6mmu eftir C40 r\u00e1\u00f0stefnu borgarstj\u00f3ra um loftslagsm\u00e1l a\u00f0 \u00feeir hyg\u00f0ust banna akstur d\u00edsilb\u00edla \u00ed mi\u00f0borgum s\u00ednum. Fj\u00f6ldi \u00feeirra hefur fari\u00f0 vaxandi s\u00ed\u00f0astli\u00f0in \u00e1r m.a. vegna \u00feess a\u00f0 \u00fatbl\u00e1stur d\u00edsilb\u00edla inniheldur hlutfallslega &hellip; <a href=\"https:\/\/graenaorkan.is\/?p=1452\">Continue reading <span class=\"meta-nav\">&rarr;<\/span><\/a><\/p>\n","protected":false},"author":5,"featured_media":0,"comment_status":"open","ping_status":"open","sticky":false,"template":"","format":"standard","meta":[],"categories":[16,18,21],"tags":[],"_links":{"self":[{"href":"https:\/\/graenaorkan.is\/index.php?rest_route=\/wp\/v2\/posts\/1452"}],"collection":[{"href":"https:\/\/graenaorkan.is\/index.php?rest_route=\/wp\/v2\/posts"}],"about":[{"href":"https:\/\/graenaorkan.is\/index.php?rest_route=\/wp\/v2\/types\/post"}],"author":[{"embeddable":true,"href":"https:\/\/graenaorkan.is\/index.php?rest_route=\/wp\/v2\/users\/5"}],"replies":[{"embeddable":true,"href":"https:\/\/graenaorkan.is\/index.php?rest_route=%2Fwp%2Fv2%2Fcomments&post=1452"}],"version-history":[{"count":4,"href":"https:\/\/graenaorkan.is\/index.php?rest_route=\/wp\/v2\/posts\/1452\/revisions"}],"predecessor-version":[{"id":1455,"href":"https:\/\/graenaorkan.is\/index.php?rest_route=\/wp\/v2\/posts\/1452\/revisions\/1455"}],"wp:attachment":[{"href":"https:\/\/graenaorkan.is\/index.php?rest_route=%2Fwp%2Fv2%2Fmedia&parent=1452"}],"wp:term":[{"taxonomy":"category","embeddable":true,"href":"https:\/\/graenaorkan.is\/index.php?rest_route=%2Fwp%2Fv2%2Fcategories&post=1452"},{"taxonomy":"post_tag","embeddable":true,"href":"https:\/\/graenaorkan.is\/index.php?rest_route=%2Fwp%2Fv2%2Ftags&post=1452"}],"curies":[{"name":"wp","href":"https:\/\/api.w.org\/{rel}","templated":true}]}}