{"id":1464,"date":"2016-12-30T11:19:18","date_gmt":"2016-12-30T11:19:18","guid":{"rendered":"http:\/\/graenaorkan.is\/?p=1464"},"modified":"2016-12-30T11:19:18","modified_gmt":"2016-12-30T11:19:18","slug":"uthlutun-orkusjods-til-uppbyggingar-rafinnvida-kynnt","status":"publish","type":"post","link":"https:\/\/graenaorkan.is\/?p=1464","title":{"rendered":"\u00dathlutun Orkusj\u00f3\u00f0s til uppbyggingar rafinnvi\u00f0a kynnt"},"content":{"rendered":"<p>I\u00f0na\u00f0ar- og vi\u00f0skiptar\u00e1\u00f0herra hefur sta\u00f0fest till\u00f6gur r\u00e1\u00f0gjafanefndar Orkusj\u00f3\u00f0s um veitingu styrkja til uppbyggingar innvi\u00f0a fyrir rafb\u00edla. Verkefni\u00f0 er hluti af s\u00f3knar\u00e1\u00e6tlun \u00cdslands \u00ed loftslagsm\u00e1lum sem sett var fram \u00ed tengslum vi\u00f0 21. fund a\u00f0ildarr\u00edkja loftslagssamningsins \u00ed Par\u00eds (COP21).<\/p>\n<p>Samkv\u00e6mt till\u00f6gum r\u00e1\u00f0gjafarnefndar Orkusj\u00f3\u00f0s hlj\u00f3ta 16 verkefni styrk, samtals a\u00f0 fj\u00e1rh\u00e6\u00f0 201 m.kr. Me\u00f0 \u00feessum verkefnum ver\u00f0ur h\u00e6gt \u00e1 n\u00e6stu tveimur \u00e1rum a\u00f0 byggja upp heildst\u00e6tt net hle\u00f0slust\u00f6\u00f0va fyrir flesta landsmenn og \u00feannig stigi\u00f0 st\u00f3rt skref \u00ed rafb\u00edlav\u00e6\u00f0ingu \u00cdslands. Er \u00fear b\u00e6\u00f0i um hra\u00f0hle\u00f0slust\u00f6\u00f0var og hef\u00f0bundnar hle\u00f0slust\u00f6\u00f0var a\u00f0 r\u00e6\u00f0a, samtals 42 hra\u00f0hle\u00f0slust\u00f6\u00f0var og 63 hef\u00f0bundnar st\u00f6\u00f0var.<\/p>\n<p>Sj\u00e1 n\u00e1nar \u00ed tilkynningu r\u00e1\u00f0uneytisins <a href=\"https:\/\/www.atvinnuvegaraduneyti.is\/idnadar-og-vidskiptamal\/frettir\/uthlutun-styrkja-til-innvida-fyrir-rafbila\" target=\"_blank\">h\u00e9r<\/a>.<\/p>\n<p><img decoding=\"async\" src=\"https:\/\/www.atvinnuvegaraduneyti.is\/media\/2015\/xlarge\/Hledslustodvar.PNG\" alt=\"Hle\u00f0slust\u00f6\u00f0var 2016\" \/><\/p>\n","protected":false},"excerpt":{"rendered":"<p>I\u00f0na\u00f0ar- og vi\u00f0skiptar\u00e1\u00f0herra hefur sta\u00f0fest till\u00f6gur r\u00e1\u00f0gjafanefndar Orkusj\u00f3\u00f0s um veitingu styrkja til uppbyggingar innvi\u00f0a fyrir rafb\u00edla. Verkefni\u00f0 er hluti af s\u00f3knar\u00e1\u00e6tlun \u00cdslands \u00ed loftslagsm\u00e1lum sem sett var fram \u00ed tengslum vi\u00f0 21. fund a\u00f0ildarr\u00edkja loftslagssamningsins \u00ed Par\u00eds (COP21). Samkv\u00e6mt till\u00f6gum &hellip; <a href=\"https:\/\/graenaorkan.is\/?p=1464\">Continue reading <span class=\"meta-nav\">&rarr;<\/span><\/a><\/p>\n","protected":false},"author":5,"featured_media":0,"comment_status":"open","ping_status":"open","sticky":false,"template":"","format":"standard","meta":[],"categories":[17,10,19,18,21],"tags":[],"_links":{"self":[{"href":"https:\/\/graenaorkan.is\/index.php?rest_route=\/wp\/v2\/posts\/1464"}],"collection":[{"href":"https:\/\/graenaorkan.is\/index.php?rest_route=\/wp\/v2\/posts"}],"about":[{"href":"https:\/\/graenaorkan.is\/index.php?rest_route=\/wp\/v2\/types\/post"}],"author":[{"embeddable":true,"href":"https:\/\/graenaorkan.is\/index.php?rest_route=\/wp\/v2\/users\/5"}],"replies":[{"embeddable":true,"href":"https:\/\/graenaorkan.is\/index.php?rest_route=%2Fwp%2Fv2%2Fcomments&post=1464"}],"version-history":[{"count":2,"href":"https:\/\/graenaorkan.is\/index.php?rest_route=\/wp\/v2\/posts\/1464\/revisions"}],"predecessor-version":[{"id":1466,"href":"https:\/\/graenaorkan.is\/index.php?rest_route=\/wp\/v2\/posts\/1464\/revisions\/1466"}],"wp:attachment":[{"href":"https:\/\/graenaorkan.is\/index.php?rest_route=%2Fwp%2Fv2%2Fmedia&parent=1464"}],"wp:term":[{"taxonomy":"category","embeddable":true,"href":"https:\/\/graenaorkan.is\/index.php?rest_route=%2Fwp%2Fv2%2Fcategories&post=1464"},{"taxonomy":"post_tag","embeddable":true,"href":"https:\/\/graenaorkan.is\/index.php?rest_route=%2Fwp%2Fv2%2Ftags&post=1464"}],"curies":[{"name":"wp","href":"https:\/\/api.w.org\/{rel}","templated":true}]}}