{"id":1474,"date":"2017-01-16T12:55:13","date_gmt":"2017-01-16T12:55:13","guid":{"rendered":"http:\/\/graenaorkan.is\/?p=1474"},"modified":"2017-01-16T12:55:13","modified_gmt":"2017-01-16T12:55:13","slug":"nordic-ev-summit-7-8-februar-2017","status":"publish","type":"post","link":"https:\/\/graenaorkan.is\/?p=1474","title":{"rendered":"Nordic EV Summit 7.-8. febr\u00faar 2017"},"content":{"rendered":"<p>N\u00fa fer hver a\u00f0 ver\u00f0a s\u00ed\u00f0astur a\u00f0 skr\u00e1 sig til \u00fe\u00e1ttt\u00f6ku \u00ed Nordic EV Summit 2017 sem fer fram \u00ed Drammen \u00ed Noregi 7.-8. febr\u00faar n\u00e6stkomandi. \u00dear ver\u00f0ur me\u00f0al annars fjalla\u00f0 um rafb\u00edlav\u00e6\u00f0ingu \u00e1 Nor\u00f0url\u00f6ndum hinga\u00f0 til og frekari \u00fer\u00f3un rafb\u00edla til framt\u00ed\u00f0ar.<\/p>\n<p>Sj\u00e1 dagskr\u00e1 <a href=\"http:\/\/event.tu.no\/event\/nordic-ev-summit-2017-143799\/program\" target=\"_blank\">h\u00e9r<\/a> og skr\u00e1ningu <a href=\"http:\/\/event.tu.no\/event\/nordic-ev-summit-2017-143799\/pamelding#utm_source=newsletter&amp;utm_campaign=NEV_newsletter%23p%C3%A5melding%205reasons&amp;utm_medium=email\" target=\"_blank\">h\u00e9r<\/a>.<\/p>\n<p><a href=\"https:\/\/graenaorkan.is\/wp-content\/uploads\/2016\/06\/fast-charging-cars.jpg\"><img decoding=\"async\" loading=\"lazy\" class=\"aligncenter size-medium wp-image-1393\" title=\"fast charging cars\" src=\"https:\/\/graenaorkan.is\/wp-content\/uploads\/2016\/06\/fast-charging-cars-300x168.jpg\" alt=\"\" width=\"300\" height=\"168\" srcset=\"https:\/\/graenaorkan.is\/wp-content\/uploads\/2016\/06\/fast-charging-cars-300x168.jpg 300w, https:\/\/graenaorkan.is\/wp-content\/uploads\/2016\/06\/fast-charging-cars-355x200.jpg 355w, https:\/\/graenaorkan.is\/wp-content\/uploads\/2016\/06\/fast-charging-cars-500x281.jpg 500w, https:\/\/graenaorkan.is\/wp-content\/uploads\/2016\/06\/fast-charging-cars.jpg 638w\" sizes=\"(max-width: 300px) 100vw, 300px\" \/><\/a><\/p>\n","protected":false},"excerpt":{"rendered":"<p>N\u00fa fer hver a\u00f0 ver\u00f0a s\u00ed\u00f0astur a\u00f0 skr\u00e1 sig til \u00fe\u00e1ttt\u00f6ku \u00ed Nordic EV Summit 2017 sem fer fram \u00ed Drammen \u00ed Noregi 7.-8. febr\u00faar n\u00e6stkomandi. \u00dear ver\u00f0ur me\u00f0al annars fjalla\u00f0 um rafb\u00edlav\u00e6\u00f0ingu \u00e1 Nor\u00f0url\u00f6ndum hinga\u00f0 til og frekari \u00fer\u00f3un &hellip; <a href=\"https:\/\/graenaorkan.is\/?p=1474\">Continue reading <span class=\"meta-nav\">&rarr;<\/span><\/a><\/p>\n","protected":false},"author":5,"featured_media":0,"comment_status":"open","ping_status":"open","sticky":false,"template":"","format":"standard","meta":[],"categories":[5,10],"tags":[],"_links":{"self":[{"href":"https:\/\/graenaorkan.is\/index.php?rest_route=\/wp\/v2\/posts\/1474"}],"collection":[{"href":"https:\/\/graenaorkan.is\/index.php?rest_route=\/wp\/v2\/posts"}],"about":[{"href":"https:\/\/graenaorkan.is\/index.php?rest_route=\/wp\/v2\/types\/post"}],"author":[{"embeddable":true,"href":"https:\/\/graenaorkan.is\/index.php?rest_route=\/wp\/v2\/users\/5"}],"replies":[{"embeddable":true,"href":"https:\/\/graenaorkan.is\/index.php?rest_route=%2Fwp%2Fv2%2Fcomments&post=1474"}],"version-history":[{"count":2,"href":"https:\/\/graenaorkan.is\/index.php?rest_route=\/wp\/v2\/posts\/1474\/revisions"}],"predecessor-version":[{"id":1476,"href":"https:\/\/graenaorkan.is\/index.php?rest_route=\/wp\/v2\/posts\/1474\/revisions\/1476"}],"wp:attachment":[{"href":"https:\/\/graenaorkan.is\/index.php?rest_route=%2Fwp%2Fv2%2Fmedia&parent=1474"}],"wp:term":[{"taxonomy":"category","embeddable":true,"href":"https:\/\/graenaorkan.is\/index.php?rest_route=%2Fwp%2Fv2%2Fcategories&post=1474"},{"taxonomy":"post_tag","embeddable":true,"href":"https:\/\/graenaorkan.is\/index.php?rest_route=%2Fwp%2Fv2%2Ftags&post=1474"}],"curies":[{"name":"wp","href":"https:\/\/api.w.org\/{rel}","templated":true}]}}