{"id":1480,"date":"2017-01-31T10:55:11","date_gmt":"2017-01-31T10:55:11","guid":{"rendered":"http:\/\/graenaorkan.is\/?p=1480"},"modified":"2017-01-31T10:55:12","modified_gmt":"2017-01-31T10:55:12","slug":"stofnad-til-vetnisrads-i-davos-i-sviss","status":"publish","type":"post","link":"https:\/\/graenaorkan.is\/?p=1480","title":{"rendered":"Stofna\u00f0 til vetnisr\u00e1\u00f0s \u00ed Davos \u00ed Sviss"},"content":{"rendered":"<p>\u00derett\u00e1n f\u00e9l\u00f6g tengd orkui\u00f0na\u00f0i, b\u00edlaframlei\u00f0slu og samg\u00f6ngum, \u00fear \u00e1 me\u00f0al Toyota og Shell, hafa stofna\u00f0 til vetnisr\u00e1\u00f0s sem mun fj\u00e1rfesta \u00ed vetnislausnum og kynna kosti \u00feeirra fyrir almenningi og stj\u00f3rns\u00fdslu. \u00deetta kemur fram \u00ed <a href=\"http:\/\/newsroom.toyota.co.jp\/en\/detail\/mail\/14752165\" target=\"_blank\">tilkynningu<\/a> sem h\u00f3purinn sendi fr\u00e1 s\u00e9r n\u00fdveri\u00f0.<\/p>\n<p>Sj\u00e1 n\u00e1nar <a href=\"https:\/\/www.bloomberg.com\/news\/articles\/2017-01-17\/toyota-shell-among-auto-and-oil-giants-forming-hydrogen-council\" target=\"_blank\">h\u00e9r<\/a> \u00ed fr\u00e9tt Bloomberg.<\/p>\n","protected":false},"excerpt":{"rendered":"<p>\u00derett\u00e1n f\u00e9l\u00f6g tengd orkui\u00f0na\u00f0i, b\u00edlaframlei\u00f0slu og samg\u00f6ngum, \u00fear \u00e1 me\u00f0al Toyota og Shell, hafa stofna\u00f0 til vetnisr\u00e1\u00f0s sem mun fj\u00e1rfesta \u00ed vetnislausnum og kynna kosti \u00feeirra fyrir almenningi og stj\u00f3rns\u00fdslu. \u00deetta kemur fram \u00ed tilkynningu sem h\u00f3purinn sendi fr\u00e1 s\u00e9r &hellip; <a href=\"https:\/\/graenaorkan.is\/?p=1480\">Continue reading <span class=\"meta-nav\">&rarr;<\/span><\/a><\/p>\n","protected":false},"author":5,"featured_media":0,"comment_status":"open","ping_status":"open","sticky":false,"template":"","format":"standard","meta":[],"categories":[18,21,11],"tags":[],"_links":{"self":[{"href":"https:\/\/graenaorkan.is\/index.php?rest_route=\/wp\/v2\/posts\/1480"}],"collection":[{"href":"https:\/\/graenaorkan.is\/index.php?rest_route=\/wp\/v2\/posts"}],"about":[{"href":"https:\/\/graenaorkan.is\/index.php?rest_route=\/wp\/v2\/types\/post"}],"author":[{"embeddable":true,"href":"https:\/\/graenaorkan.is\/index.php?rest_route=\/wp\/v2\/users\/5"}],"replies":[{"embeddable":true,"href":"https:\/\/graenaorkan.is\/index.php?rest_route=%2Fwp%2Fv2%2Fcomments&post=1480"}],"version-history":[{"count":2,"href":"https:\/\/graenaorkan.is\/index.php?rest_route=\/wp\/v2\/posts\/1480\/revisions"}],"predecessor-version":[{"id":1482,"href":"https:\/\/graenaorkan.is\/index.php?rest_route=\/wp\/v2\/posts\/1480\/revisions\/1482"}],"wp:attachment":[{"href":"https:\/\/graenaorkan.is\/index.php?rest_route=%2Fwp%2Fv2%2Fmedia&parent=1480"}],"wp:term":[{"taxonomy":"category","embeddable":true,"href":"https:\/\/graenaorkan.is\/index.php?rest_route=%2Fwp%2Fv2%2Fcategories&post=1480"},{"taxonomy":"post_tag","embeddable":true,"href":"https:\/\/graenaorkan.is\/index.php?rest_route=%2Fwp%2Fv2%2Ftags&post=1480"}],"curies":[{"name":"wp","href":"https:\/\/api.w.org\/{rel}","templated":true}]}}