{"id":1483,"date":"2017-02-17T10:04:24","date_gmt":"2017-02-17T10:04:24","guid":{"rendered":"http:\/\/graenaorkan.is\/?p=1483"},"modified":"2017-02-17T10:04:24","modified_gmt":"2017-02-17T10:04:24","slug":"japan-vedjar-a-vetni-en-elon-musk-a-rafmagn","status":"publish","type":"post","link":"https:\/\/graenaorkan.is\/?p=1483","title":{"rendered":"Japan ve\u00f0jar \u00e1 vetni &#8211; en Elon Musk \u00e1 rafmagn"},"content":{"rendered":"<p>Eftir \u00fev\u00ed sem \u00f3\u00f0um styttist \u00ed \u00d3lymp\u00eduleikana \u00ed T\u00f3k\u00fd\u00f3 2020, styttist einnig \u00ed a\u00f0 Japan s\u00fdni heimsbygg\u00f0inni hvernig reka eigi samf\u00e9lag \u00e1 vetni. Toyota hefur veri\u00f0 lei\u00f0andi \u00ed \u00fer\u00f3un Japana \u00e1 vetnist\u00e6kni til notkunar \u00ed bifrei\u00f0ar, \u00e1 heimilum og \u00ed i\u00f0na\u00f0i \u00e1 me\u00f0an flest \u00f6nnur r\u00edki hafa ve\u00f0ja\u00f0 \u00e1 rafmagn sem vistv\u00e6nt eldsneyti, \u00ed \u00fea\u00f0 minnsta fyrir bifreia\u00f0r s\u00ednar. Einn st\u00e6rsti stu\u00f0ningsma\u00f0ur rafb\u00edla er einmitt Elon Musk, stofnandi Tesla Inc., sem lengi hefur tala\u00f0 hefur af fyrirlitningu um vetnisb\u00edla og sagt \u00fe\u00e1 d\u00fdra og \u00f3prakt\u00edska, eins og fr\u00e6gt hefur or\u00f0i\u00f0.<\/p>\n<p>Sj\u00e1 n\u00e1nar \u00ed umfj\u00f6llum Bloomberg\u00a0<a href=\"http:\/\/newenergy.is\/As%20the%202020%20Olympics%20in%20Tokyo%20draw%20near,%20so%20does%20Japan's%20showcase%20for%20a%20hydrogen%20society.%20Toyota%20has%20been%20at%20the%20forefront%20of%20Japan%E2%80%99s%20efforts%20to%20use%20hydrogen%20and%20fuel%20cells%20to%20power%20cars,%20heat%20homes%20and%20keep%20factories%20running%20while%20in%20other%20countries%20around%20the%20world,%20the%20trend%20seems%20to%20veer%20toward%20electric%20cars,%20particularly%20in%20the%20US%20and%20Europe.%20Meanwhile,%20%20For%20that%20reason,%20Elon%20Musk,%20the%20founder%20of%20Tesla%20Inc.,%20has%20famously%20scorned%20hydrogen%20vehicles%20as%20expensive%20and%20impractical.%20For%20details%20see%20Bloomberg%20article%20here.\" target=\"_blank\">h\u00e9r<\/a>.<\/p>\n<div style=\"width: 650px\" class=\"wp-caption alignnone\"><img decoding=\"async\" loading=\"lazy\" src=\"https:\/\/assets.bwbx.io\/images\/users\/iqjWHBFdfxIU\/iQpXOjxVe0PM\/v2\/800x-1.png\" alt=\"\" width=\"640\" height=\"323\" \/><p class=\"wp-caption-text\">Mynd fr\u00e1 Toshipa Corp.<\/p><\/div>\n<p>&nbsp;<\/p>\n","protected":false},"excerpt":{"rendered":"<p>Eftir \u00fev\u00ed sem \u00f3\u00f0um styttist \u00ed \u00d3lymp\u00eduleikana \u00ed T\u00f3k\u00fd\u00f3 2020, styttist einnig \u00ed a\u00f0 Japan s\u00fdni heimsbygg\u00f0inni hvernig reka eigi samf\u00e9lag \u00e1 vetni. Toyota hefur veri\u00f0 lei\u00f0andi \u00ed \u00fer\u00f3un Japana \u00e1 vetnist\u00e6kni til notkunar \u00ed bifrei\u00f0ar, \u00e1 heimilum og \u00ed &hellip; <a href=\"https:\/\/graenaorkan.is\/?p=1483\">Continue reading <span class=\"meta-nav\">&rarr;<\/span><\/a><\/p>\n","protected":false},"author":5,"featured_media":0,"comment_status":"open","ping_status":"open","sticky":false,"template":"","format":"standard","meta":[],"categories":[3,10,18,21,11],"tags":[],"_links":{"self":[{"href":"https:\/\/graenaorkan.is\/index.php?rest_route=\/wp\/v2\/posts\/1483"}],"collection":[{"href":"https:\/\/graenaorkan.is\/index.php?rest_route=\/wp\/v2\/posts"}],"about":[{"href":"https:\/\/graenaorkan.is\/index.php?rest_route=\/wp\/v2\/types\/post"}],"author":[{"embeddable":true,"href":"https:\/\/graenaorkan.is\/index.php?rest_route=\/wp\/v2\/users\/5"}],"replies":[{"embeddable":true,"href":"https:\/\/graenaorkan.is\/index.php?rest_route=%2Fwp%2Fv2%2Fcomments&post=1483"}],"version-history":[{"count":1,"href":"https:\/\/graenaorkan.is\/index.php?rest_route=\/wp\/v2\/posts\/1483\/revisions"}],"predecessor-version":[{"id":1484,"href":"https:\/\/graenaorkan.is\/index.php?rest_route=\/wp\/v2\/posts\/1483\/revisions\/1484"}],"wp:attachment":[{"href":"https:\/\/graenaorkan.is\/index.php?rest_route=%2Fwp%2Fv2%2Fmedia&parent=1483"}],"wp:term":[{"taxonomy":"category","embeddable":true,"href":"https:\/\/graenaorkan.is\/index.php?rest_route=%2Fwp%2Fv2%2Fcategories&post=1483"},{"taxonomy":"post_tag","embeddable":true,"href":"https:\/\/graenaorkan.is\/index.php?rest_route=%2Fwp%2Fv2%2Ftags&post=1483"}],"curies":[{"name":"wp","href":"https:\/\/api.w.org\/{rel}","templated":true}]}}