{"id":1486,"date":"2017-03-02T10:01:57","date_gmt":"2017-03-02T10:01:57","guid":{"rendered":"http:\/\/graenaorkan.is\/?p=1486"},"modified":"2017-03-02T10:02:13","modified_gmt":"2017-03-02T10:02:13","slug":"rafvaeding-storvirkar-vinnuvela","status":"publish","type":"post","link":"https:\/\/graenaorkan.is\/?p=1486","title":{"rendered":"Rafv\u00e6\u00f0ing st\u00f3rvirkra vinnuv\u00e9la"},"content":{"rendered":"<p>Flestir tengja st\u00f3rar vinnuv\u00e9lar vi\u00f0 mikinn h\u00e1va\u00f0a og mengun en mikil \u00fer\u00f3un til hins betra hefur \u00fe\u00f3 \u00e1tt s\u00e9r sta\u00f0 \u00ed gera \u00fe\u00e6r sparneytnari, umhverfisv\u00e6nni og hlj\u00f3\u00f0l\u00e1tari. N\u00fa \u00feegar eru \u00e1 marka\u00f0i rafdrifnar v\u00e9lar, t.d. fr\u00e1 \u00fe\u00fdska framlei\u00f0andanum Liebherr.<\/p>\n<p>\u00cd <a href=\"http:\/\/www.mbl.is\/bill\/frettir\/2017\/03\/01\/rafmagnadar_vinnuvelar\/\" target=\"_blank\">fr\u00e9tt \u00e1 mbl.is<\/a> segir Krist\u00f3fer S. Sn\u00e6bj\u00f6rnsson hj\u00e1 Merk\u00far fr\u00e1 Liebherr vinnuv\u00e9lum sem ganga fyrir rafmagni. \u00de\u00e6r \u00feurfa \u00fe\u00f3 a\u00f0 vera \u00ed sambandi enn sem komi\u00f0 er \u00fear til rafhl\u00f6\u00f0ut\u00e6kni leyfir meiri orkugeymslu.<\/p>\n<div style=\"width: 666px\" class=\"wp-caption alignnone\"><img decoding=\"async\" loading=\"lazy\" src=\"http:\/\/cdn.mbl.is\/frimg\/9\/46\/946108.jpg\" alt=\"Rafmagni\u00f0 setur \u00e1kve\u00f0nar skor\u00f0ur en skapar l\u00edka m\u00f6guleika.\" width=\"656\" height=\"347\" \/><p class=\"wp-caption-text\">\u00dar fr\u00e9tt \u00e1 mbl.is<\/p><\/div>\n<p>&nbsp;<\/p>\n","protected":false},"excerpt":{"rendered":"<p>Flestir tengja st\u00f3rar vinnuv\u00e9lar vi\u00f0 mikinn h\u00e1va\u00f0a og mengun en mikil \u00fer\u00f3un til hins betra hefur \u00fe\u00f3 \u00e1tt s\u00e9r sta\u00f0 \u00ed gera \u00fe\u00e6r sparneytnari, umhverfisv\u00e6nni og hlj\u00f3\u00f0l\u00e1tari. N\u00fa \u00feegar eru \u00e1 marka\u00f0i rafdrifnar v\u00e9lar, t.d. fr\u00e1 \u00fe\u00fdska framlei\u00f0andanum Liebherr. \u00cd &hellip; <a href=\"https:\/\/graenaorkan.is\/?p=1486\">Continue reading <span class=\"meta-nav\">&rarr;<\/span><\/a><\/p>\n","protected":false},"author":5,"featured_media":0,"comment_status":"open","ping_status":"open","sticky":false,"template":"","format":"standard","meta":[],"categories":[10],"tags":[],"_links":{"self":[{"href":"https:\/\/graenaorkan.is\/index.php?rest_route=\/wp\/v2\/posts\/1486"}],"collection":[{"href":"https:\/\/graenaorkan.is\/index.php?rest_route=\/wp\/v2\/posts"}],"about":[{"href":"https:\/\/graenaorkan.is\/index.php?rest_route=\/wp\/v2\/types\/post"}],"author":[{"embeddable":true,"href":"https:\/\/graenaorkan.is\/index.php?rest_route=\/wp\/v2\/users\/5"}],"replies":[{"embeddable":true,"href":"https:\/\/graenaorkan.is\/index.php?rest_route=%2Fwp%2Fv2%2Fcomments&post=1486"}],"version-history":[{"count":2,"href":"https:\/\/graenaorkan.is\/index.php?rest_route=\/wp\/v2\/posts\/1486\/revisions"}],"predecessor-version":[{"id":1488,"href":"https:\/\/graenaorkan.is\/index.php?rest_route=\/wp\/v2\/posts\/1486\/revisions\/1488"}],"wp:attachment":[{"href":"https:\/\/graenaorkan.is\/index.php?rest_route=%2Fwp%2Fv2%2Fmedia&parent=1486"}],"wp:term":[{"taxonomy":"category","embeddable":true,"href":"https:\/\/graenaorkan.is\/index.php?rest_route=%2Fwp%2Fv2%2Fcategories&post=1486"},{"taxonomy":"post_tag","embeddable":true,"href":"https:\/\/graenaorkan.is\/index.php?rest_route=%2Fwp%2Fv2%2Ftags&post=1486"}],"curies":[{"name":"wp","href":"https:\/\/api.w.org\/{rel}","templated":true}]}}