{"id":1489,"date":"2017-03-07T12:00:19","date_gmt":"2017-03-07T12:00:19","guid":{"rendered":"http:\/\/graenaorkan.is\/?p=1489"},"modified":"2017-03-07T12:01:24","modified_gmt":"2017-03-07T12:01:24","slug":"innvidir-fyrir-rafbila-a-islandi-%e2%80%93-hvad-er-i-bodi","status":"publish","type":"post","link":"https:\/\/graenaorkan.is\/?p=1489","title":{"rendered":"Innvi\u00f0ir fyrir rafb\u00edla \u00e1 \u00cdslandi \u2013 Hva\u00f0 er \u00ed bo\u00f0i?"},"content":{"rendered":"<p>Gr\u00e6na orkan b\u00fd\u00f0ur til kynningarfundar fimmtudaginn 9. mars klukkan 13 \u00ed Orkugar\u00f0i, Grens\u00e1svegi 9. Dagskr\u00e1 fundarins ver\u00f0ur eftirfarandi:<\/p>\n<p>13:00 Fundarstj\u00f3ri b\u00fd\u00f0ur gesti velkomna<br \/>\n13:10 Magn\u00fas Ninni, \u00cdslenska G\u00e1maf\u00e9lagi\u00f0<br \/>\nHle\u00f0slust\u00f6\u00f0var<br \/>\n13:25 \u00d3skar Dav\u00ed\u00f0 G\u00fastavsson, Johan R\u00f6nning<br \/>\nHle\u00f0slut\u00e6ki fyrir rafb\u00edla og rekstur \u00feeirra<br \/>\n13:40 \u00d3lafur Dav\u00ed\u00f0 Gu\u00f0mundsson, Hla\u00f0a<br \/>\n\u00c1n hle\u00f0slu kemstu ekki neitt<br \/>\n13:55 Stef\u00e1n Birnir Sverrisson, Lei\u00f0ir Verkfr\u00e6\u00f0istofa<br \/>\nHle\u00f0slust\u00f6\u00f0var fyrir rafb\u00edla og tengd \u00fej\u00f3nusta<br \/>\n14:10 \u00deorvar\u00f0ur Kristj\u00e1nsson, GSG ehf<br \/>\nUppsetning og fr\u00e1gangur \u00e1 rafhle\u00f0slust\u00f6\u00f0vum<br \/>\n14:25 Kaffihl\u00e9<br \/>\n14:50 Bjarni M\u00e1r J\u00fal\u00edusson, Orka n\u00e1tt\u00farunnar<br \/>\nHva\u00f0 hefur orka n\u00e1tt\u00farunnar fram a\u00f0 f\u00e6ra \u00ed<br \/>\norkuskiptum?<br \/>\n15:05 Sigur\u00f0ur \u00c1stgeirsson, \u00cdsorka<br \/>\n\u00cdsorka<br \/>\n15:20 Umr\u00e6\u00f0ur<br \/>\n16:00 Fundarslit<\/p>\n<p>Fundarstj\u00f3ri ver\u00f0ur J\u00f3n Bj\u00f6rn Sk\u00falason, verkefnastj\u00f3ri Gr\u00e6nu orkunnar. Sj\u00e1 einnig <a href=\"https:\/\/www.facebook.com\/events\/745640452262486\/\" target=\"_blank\">h\u00e9r<\/a> \u00e1 Facebook vi\u00f0bur\u00f0i.<\/p>\n","protected":false},"excerpt":{"rendered":"<p>Gr\u00e6na orkan b\u00fd\u00f0ur til kynningarfundar fimmtudaginn 9. mars klukkan 13 \u00ed Orkugar\u00f0i, Grens\u00e1svegi 9. Dagskr\u00e1 fundarins ver\u00f0ur eftirfarandi: 13:00 Fundarstj\u00f3ri b\u00fd\u00f0ur gesti velkomna 13:10 Magn\u00fas Ninni, \u00cdslenska G\u00e1maf\u00e9lagi\u00f0 Hle\u00f0slust\u00f6\u00f0var 13:25 \u00d3skar Dav\u00ed\u00f0 G\u00fastavsson, Johan R\u00f6nning Hle\u00f0slut\u00e6ki fyrir rafb\u00edla og rekstur &hellip; <a href=\"https:\/\/graenaorkan.is\/?p=1489\">Continue reading <span class=\"meta-nav\">&rarr;<\/span><\/a><\/p>\n","protected":false},"author":5,"featured_media":0,"comment_status":"open","ping_status":"open","sticky":false,"template":"","format":"standard","meta":[],"categories":[5,17,10],"tags":[],"_links":{"self":[{"href":"https:\/\/graenaorkan.is\/index.php?rest_route=\/wp\/v2\/posts\/1489"}],"collection":[{"href":"https:\/\/graenaorkan.is\/index.php?rest_route=\/wp\/v2\/posts"}],"about":[{"href":"https:\/\/graenaorkan.is\/index.php?rest_route=\/wp\/v2\/types\/post"}],"author":[{"embeddable":true,"href":"https:\/\/graenaorkan.is\/index.php?rest_route=\/wp\/v2\/users\/5"}],"replies":[{"embeddable":true,"href":"https:\/\/graenaorkan.is\/index.php?rest_route=%2Fwp%2Fv2%2Fcomments&post=1489"}],"version-history":[{"count":3,"href":"https:\/\/graenaorkan.is\/index.php?rest_route=\/wp\/v2\/posts\/1489\/revisions"}],"predecessor-version":[{"id":1491,"href":"https:\/\/graenaorkan.is\/index.php?rest_route=\/wp\/v2\/posts\/1489\/revisions\/1491"}],"wp:attachment":[{"href":"https:\/\/graenaorkan.is\/index.php?rest_route=%2Fwp%2Fv2%2Fmedia&parent=1489"}],"wp:term":[{"taxonomy":"category","embeddable":true,"href":"https:\/\/graenaorkan.is\/index.php?rest_route=%2Fwp%2Fv2%2Fcategories&post=1489"},{"taxonomy":"post_tag","embeddable":true,"href":"https:\/\/graenaorkan.is\/index.php?rest_route=%2Fwp%2Fv2%2Ftags&post=1489"}],"curies":[{"name":"wp","href":"https:\/\/api.w.org\/{rel}","templated":true}]}}