{"id":1511,"date":"2017-08-26T23:03:14","date_gmt":"2017-08-26T23:03:14","guid":{"rendered":"http:\/\/graenaorkan.is\/?p=1511"},"modified":"2017-08-26T23:03:15","modified_gmt":"2017-08-26T23:03:15","slug":"nordmenn-vedja-a-vetni-i-ferjusamgongum","status":"publish","type":"post","link":"https:\/\/graenaorkan.is\/?p=1511","title":{"rendered":"Nor\u00f0menn ve\u00f0ja \u00e1 vetni \u00ed ferjusamg\u00f6ngum"},"content":{"rendered":"<p>F\u00fdsileikaranns\u00f3kn \u00ed Noregi bendir til a\u00f0 ferjur um Osl\u00f3fj\u00f6r\u00f0 kn\u00fanar vetni og\/e\u00f0a rafmagni geti or\u00f0i\u00f0 a\u00f0 veruleika \u00e1 n\u00e6stu 5 \u00e1rum, fyrir \u00e1ri\u00f0 2022. \u00deetta myndi jafnframt hafa \u00ed f\u00f6r me\u00f0 s\u00e9r \u00e1rlegan samdr\u00e1tt \u00ed \u00fatbl\u00e6stri kold\u00edox\u00ed\u00f0s um sem nemur \u00fatbl\u00e6stri 54 h\u00f3pfer\u00f0ab\u00edla.<\/p>\n<p>Sj\u00e1 n\u00e1nar \u00ed fr\u00e9tt fr\u00e1 <a href=\"http:\/\/www.hydrogen.no\/hva-skjer\/aktuelt\/sikter-mot-hydrogen-hurtigbat-pa-oslofjorden-i-2022\" target=\"_blank\">hydrogen.no<\/a>.<\/p>\n","protected":false},"excerpt":{"rendered":"<p>F\u00fdsileikaranns\u00f3kn \u00ed Noregi bendir til a\u00f0 ferjur um Osl\u00f3fj\u00f6r\u00f0 kn\u00fanar vetni og\/e\u00f0a rafmagni geti or\u00f0i\u00f0 a\u00f0 veruleika \u00e1 n\u00e6stu 5 \u00e1rum, fyrir \u00e1ri\u00f0 2022. \u00deetta myndi jafnframt hafa \u00ed f\u00f6r me\u00f0 s\u00e9r \u00e1rlegan samdr\u00e1tt \u00ed \u00fatbl\u00e6stri kold\u00edox\u00ed\u00f0s um sem nemur &hellip; <a href=\"https:\/\/graenaorkan.is\/?p=1511\">Continue reading <span class=\"meta-nav\">&rarr;<\/span><\/a><\/p>\n","protected":false},"author":5,"featured_media":0,"comment_status":"open","ping_status":"open","sticky":false,"template":"","format":"standard","meta":[],"categories":[10,18,21,11],"tags":[],"_links":{"self":[{"href":"https:\/\/graenaorkan.is\/index.php?rest_route=\/wp\/v2\/posts\/1511"}],"collection":[{"href":"https:\/\/graenaorkan.is\/index.php?rest_route=\/wp\/v2\/posts"}],"about":[{"href":"https:\/\/graenaorkan.is\/index.php?rest_route=\/wp\/v2\/types\/post"}],"author":[{"embeddable":true,"href":"https:\/\/graenaorkan.is\/index.php?rest_route=\/wp\/v2\/users\/5"}],"replies":[{"embeddable":true,"href":"https:\/\/graenaorkan.is\/index.php?rest_route=%2Fwp%2Fv2%2Fcomments&post=1511"}],"version-history":[{"count":1,"href":"https:\/\/graenaorkan.is\/index.php?rest_route=\/wp\/v2\/posts\/1511\/revisions"}],"predecessor-version":[{"id":1512,"href":"https:\/\/graenaorkan.is\/index.php?rest_route=\/wp\/v2\/posts\/1511\/revisions\/1512"}],"wp:attachment":[{"href":"https:\/\/graenaorkan.is\/index.php?rest_route=%2Fwp%2Fv2%2Fmedia&parent=1511"}],"wp:term":[{"taxonomy":"category","embeddable":true,"href":"https:\/\/graenaorkan.is\/index.php?rest_route=%2Fwp%2Fv2%2Fcategories&post=1511"},{"taxonomy":"post_tag","embeddable":true,"href":"https:\/\/graenaorkan.is\/index.php?rest_route=%2Fwp%2Fv2%2Ftags&post=1511"}],"curies":[{"name":"wp","href":"https:\/\/api.w.org\/{rel}","templated":true}]}}