{"id":1513,"date":"2017-08-30T10:34:00","date_gmt":"2017-08-30T10:34:00","guid":{"rendered":"http:\/\/graenaorkan.is\/?p=1513"},"modified":"2017-08-30T10:34:00","modified_gmt":"2017-08-30T10:34:00","slug":"world-light-electric-vehicle-summit","status":"publish","type":"post","link":"https:\/\/graenaorkan.is\/?p=1513","title":{"rendered":"World Light Electric Vehicle Summit"},"content":{"rendered":"<p>Gr\u00e6na orkan vill vekja athygli \u00e1 r\u00e1\u00f0stefnunni World Light Electric Vehicle Summit, sem fer fram \u00ed Rotterdam dagana 22.-23. n\u00f3vember n\u00e6stkomandi.<\/p>\n<p>N\u00e1nari uppl\u00fdsingar er a\u00f0 finna <a href=\"http:\/\/www.levs.mobi\/\" target=\"_blank\">h\u00e9r<\/a>, \u00e1 s\u00ed\u00f0u r\u00e1\u00f0stefnunnar.<\/p>\n","protected":false},"excerpt":{"rendered":"<p>Gr\u00e6na orkan vill vekja athygli \u00e1 r\u00e1\u00f0stefnunni World Light Electric Vehicle Summit, sem fer fram \u00ed Rotterdam dagana 22.-23. n\u00f3vember n\u00e6stkomandi. N\u00e1nari uppl\u00fdsingar er a\u00f0 finna h\u00e9r, \u00e1 s\u00ed\u00f0u r\u00e1\u00f0stefnunnar.<\/p>\n","protected":false},"author":5,"featured_media":0,"comment_status":"open","ping_status":"open","sticky":false,"template":"","format":"standard","meta":[],"categories":[3,5,10,18],"tags":[],"_links":{"self":[{"href":"https:\/\/graenaorkan.is\/index.php?rest_route=\/wp\/v2\/posts\/1513"}],"collection":[{"href":"https:\/\/graenaorkan.is\/index.php?rest_route=\/wp\/v2\/posts"}],"about":[{"href":"https:\/\/graenaorkan.is\/index.php?rest_route=\/wp\/v2\/types\/post"}],"author":[{"embeddable":true,"href":"https:\/\/graenaorkan.is\/index.php?rest_route=\/wp\/v2\/users\/5"}],"replies":[{"embeddable":true,"href":"https:\/\/graenaorkan.is\/index.php?rest_route=%2Fwp%2Fv2%2Fcomments&post=1513"}],"version-history":[{"count":1,"href":"https:\/\/graenaorkan.is\/index.php?rest_route=\/wp\/v2\/posts\/1513\/revisions"}],"predecessor-version":[{"id":1514,"href":"https:\/\/graenaorkan.is\/index.php?rest_route=\/wp\/v2\/posts\/1513\/revisions\/1514"}],"wp:attachment":[{"href":"https:\/\/graenaorkan.is\/index.php?rest_route=%2Fwp%2Fv2%2Fmedia&parent=1513"}],"wp:term":[{"taxonomy":"category","embeddable":true,"href":"https:\/\/graenaorkan.is\/index.php?rest_route=%2Fwp%2Fv2%2Fcategories&post=1513"},{"taxonomy":"post_tag","embeddable":true,"href":"https:\/\/graenaorkan.is\/index.php?rest_route=%2Fwp%2Fv2%2Ftags&post=1513"}],"curies":[{"name":"wp","href":"https:\/\/api.w.org\/{rel}","templated":true}]}}