{"id":1515,"date":"2017-09-04T21:18:06","date_gmt":"2017-09-04T21:18:06","guid":{"rendered":"http:\/\/graenaorkan.is\/?p=1515"},"modified":"2017-09-04T21:18:06","modified_gmt":"2017-09-04T21:18:06","slug":"norska-vegagerdin-bydur-ut-honnun-vetnisferju","status":"publish","type":"post","link":"https:\/\/graenaorkan.is\/?p=1515","title":{"rendered":"Norska vegager\u00f0in b\u00fd\u00f0ur \u00fat h\u00f6nnun vetnisferju"},"content":{"rendered":"<p>Norska vegager\u00f0in hefur n\u00fa bo\u00f0i\u00f0 \u00fat h\u00f6nnun og sm\u00ed\u00f0a<span style=\"font-weight: 300;\">\u00a0ferju sem ganga \u00e1 \u00e1 milli\u00a0Hjelmeland-Nesvik-Skipavik. Um er a\u00f0 r\u00e6\u00f0a tv\u00e6r 80 b\u00edla ferjur, \u00fear sem \u00f6nnur \u00e1 a\u00f0 vera kn\u00fain vetni a.m.k. helming t\u00edmans en hin \u00e1 a\u00f0 vera rafkn\u00fain.<\/span><\/p>\n<p>Nor\u00f0menn hafa undanfarinn \u00e1ratug veri\u00f0 framarlega \u00ed rafv\u00e6\u00f0ingu ferjuflota s\u00edns og um lei\u00f0 samdr\u00e6tti \u00ed \u00fatbl\u00e6stri vegna samgangna \u00e1 landi og legi.<\/p>\n<p>Sj\u00e1 n\u00e1nar \u00ed <a href=\"https:\/\/maritimecleantech.no\/2017\/07\/31\/lyser-ut-anbod-hydrogenferje\/\" target=\"_blank\">fr\u00e9tt<\/a> NCE Maritime CleanTech.<\/p>\n<p><img decoding=\"async\" src=\"https:\/\/maritimecleantech.no\/wp-content\/uploads\/2017\/07\/Hydrogenferje.jpg\" alt=\"\" \/><\/p>\n<p>&nbsp;<\/p>\n","protected":false},"excerpt":{"rendered":"<p>Norska vegager\u00f0in hefur n\u00fa bo\u00f0i\u00f0 \u00fat h\u00f6nnun og sm\u00ed\u00f0a\u00a0ferju sem ganga \u00e1 \u00e1 milli\u00a0Hjelmeland-Nesvik-Skipavik. Um er a\u00f0 r\u00e6\u00f0a tv\u00e6r 80 b\u00edla ferjur, \u00fear sem \u00f6nnur \u00e1 a\u00f0 vera kn\u00fain vetni a.m.k. helming t\u00edmans en hin \u00e1 a\u00f0 vera rafkn\u00fain. Nor\u00f0menn &hellip; <a href=\"https:\/\/graenaorkan.is\/?p=1515\">Continue reading <span class=\"meta-nav\">&rarr;<\/span><\/a><\/p>\n","protected":false},"author":5,"featured_media":0,"comment_status":"open","ping_status":"open","sticky":false,"template":"","format":"standard","meta":[],"categories":[10,18,21,11],"tags":[],"_links":{"self":[{"href":"https:\/\/graenaorkan.is\/index.php?rest_route=\/wp\/v2\/posts\/1515"}],"collection":[{"href":"https:\/\/graenaorkan.is\/index.php?rest_route=\/wp\/v2\/posts"}],"about":[{"href":"https:\/\/graenaorkan.is\/index.php?rest_route=\/wp\/v2\/types\/post"}],"author":[{"embeddable":true,"href":"https:\/\/graenaorkan.is\/index.php?rest_route=\/wp\/v2\/users\/5"}],"replies":[{"embeddable":true,"href":"https:\/\/graenaorkan.is\/index.php?rest_route=%2Fwp%2Fv2%2Fcomments&post=1515"}],"version-history":[{"count":1,"href":"https:\/\/graenaorkan.is\/index.php?rest_route=\/wp\/v2\/posts\/1515\/revisions"}],"predecessor-version":[{"id":1516,"href":"https:\/\/graenaorkan.is\/index.php?rest_route=\/wp\/v2\/posts\/1515\/revisions\/1516"}],"wp:attachment":[{"href":"https:\/\/graenaorkan.is\/index.php?rest_route=%2Fwp%2Fv2%2Fmedia&parent=1515"}],"wp:term":[{"taxonomy":"category","embeddable":true,"href":"https:\/\/graenaorkan.is\/index.php?rest_route=%2Fwp%2Fv2%2Fcategories&post=1515"},{"taxonomy":"post_tag","embeddable":true,"href":"https:\/\/graenaorkan.is\/index.php?rest_route=%2Fwp%2Fv2%2Ftags&post=1515"}],"curies":[{"name":"wp","href":"https:\/\/api.w.org\/{rel}","templated":true}]}}