{"id":1518,"date":"2017-09-07T19:52:40","date_gmt":"2017-09-07T19:52:40","guid":{"rendered":"http:\/\/graenaorkan.is\/?p=1518"},"modified":"2017-09-07T19:52:40","modified_gmt":"2017-09-07T19:52:40","slug":"munu-raforkugeymslur-vid-hradbrautir-flyta-fyrir-utbreidslu-hledslustodvanets-um-meginland-evropu","status":"publish","type":"post","link":"https:\/\/graenaorkan.is\/?p=1518","title":{"rendered":"Munu raforkugeymslur vi\u00f0 hra\u00f0brautir fl\u00fdta fyrir \u00fatbrei\u00f0slu hle\u00f0slust\u00f6\u00f0vanets um meginland Evr\u00f3pu?"},"content":{"rendered":"<p>Breska fyrirt\u00e6ki\u00f0 Connected Energy hefur n\u00fa \u00ed samstarfi vi\u00f0 Renault sett upp tv\u00e6r hra\u00f0hle\u00f0slust\u00f6\u00f0var fyrir rafb\u00edla vi\u00f0 hra\u00f0brautir \u00ed Belg\u00edu og \u00de\u00fdskalandi. \u00dear eru n\u00fdttar nota\u00f0ar rafhl\u00f6\u00f0ur \u00far Renault bifrei\u00f0um. Til stendur a\u00f0 fj\u00f6lga st\u00f6\u00f0vunum umtalsvert um meginland Evr\u00f3pu og Bretlandseyjar \u00e1 n\u00e6stu m\u00e1nu\u00f0um.<\/p>\n<p>Sj\u00e1 n\u00e1nar \u00ed fr\u00e9tt \u00e1 <a href=\"http:\/\/www.visir.is\/g\/2017170909904\/raforkugeymslur-geta-hradad-throun-netkerfis-hradhledslustodva-i-evropu\" target=\"_blank\">visir.is<\/a>\u00a0og <a href=\"https:\/\/www.c-e-int.com\/resources\/news-events\/renault-global-first\/\" target=\"_blank\">Connected Energy<\/a>.<\/p>\n<p style=\"text-align: center;\"><img decoding=\"async\" loading=\"lazy\" class=\"aligncenter\" src=\"https:\/\/www.c-e-int.com\/assets\/components\/phpthumbof\/cache\/DSC01069%20%282%29.jpg.6396fdd6e288abcc1e75bdf4c76ddead.jpg\" alt=\"\" width=\"1092\" height=\"740\" \/><\/p>\n","protected":false},"excerpt":{"rendered":"<p>Breska fyrirt\u00e6ki\u00f0 Connected Energy hefur n\u00fa \u00ed samstarfi vi\u00f0 Renault sett upp tv\u00e6r hra\u00f0hle\u00f0slust\u00f6\u00f0var fyrir rafb\u00edla vi\u00f0 hra\u00f0brautir \u00ed Belg\u00edu og \u00de\u00fdskalandi. \u00dear eru n\u00fdttar nota\u00f0ar rafhl\u00f6\u00f0ur \u00far Renault bifrei\u00f0um. Til stendur a\u00f0 fj\u00f6lga st\u00f6\u00f0vunum umtalsvert um meginland Evr\u00f3pu og &hellip; <a href=\"https:\/\/graenaorkan.is\/?p=1518\">Continue reading <span class=\"meta-nav\">&rarr;<\/span><\/a><\/p>\n","protected":false},"author":5,"featured_media":0,"comment_status":"open","ping_status":"open","sticky":false,"template":"","format":"standard","meta":[],"categories":[3,17,10,18],"tags":[],"_links":{"self":[{"href":"https:\/\/graenaorkan.is\/index.php?rest_route=\/wp\/v2\/posts\/1518"}],"collection":[{"href":"https:\/\/graenaorkan.is\/index.php?rest_route=\/wp\/v2\/posts"}],"about":[{"href":"https:\/\/graenaorkan.is\/index.php?rest_route=\/wp\/v2\/types\/post"}],"author":[{"embeddable":true,"href":"https:\/\/graenaorkan.is\/index.php?rest_route=\/wp\/v2\/users\/5"}],"replies":[{"embeddable":true,"href":"https:\/\/graenaorkan.is\/index.php?rest_route=%2Fwp%2Fv2%2Fcomments&post=1518"}],"version-history":[{"count":1,"href":"https:\/\/graenaorkan.is\/index.php?rest_route=\/wp\/v2\/posts\/1518\/revisions"}],"predecessor-version":[{"id":1519,"href":"https:\/\/graenaorkan.is\/index.php?rest_route=\/wp\/v2\/posts\/1518\/revisions\/1519"}],"wp:attachment":[{"href":"https:\/\/graenaorkan.is\/index.php?rest_route=%2Fwp%2Fv2%2Fmedia&parent=1518"}],"wp:term":[{"taxonomy":"category","embeddable":true,"href":"https:\/\/graenaorkan.is\/index.php?rest_route=%2Fwp%2Fv2%2Fcategories&post=1518"},{"taxonomy":"post_tag","embeddable":true,"href":"https:\/\/graenaorkan.is\/index.php?rest_route=%2Fwp%2Fv2%2Ftags&post=1518"}],"curies":[{"name":"wp","href":"https:\/\/api.w.org\/{rel}","templated":true}]}}