{"id":1543,"date":"2017-11-15T09:28:17","date_gmt":"2017-11-15T09:28:17","guid":{"rendered":"http:\/\/graenaorkan.is\/?p=1543"},"modified":"2017-11-15T09:28:17","modified_gmt":"2017-11-15T09:28:17","slug":"ny-aaetlun-esb-um-vistvaenar-samgongur","status":"publish","type":"post","link":"https:\/\/graenaorkan.is\/?p=1543","title":{"rendered":"N\u00fd \u00e1\u00e6tlun ESB um vistv\u00e6nar samg\u00f6ngur"},"content":{"rendered":"<p>N\u00fd \u00e1\u00e6tlun ESB mi\u00f0ar a\u00f0 \u00fev\u00ed a\u00f0 \u00fatbl\u00e1stur far\u00feegab\u00edla og sendifer\u00f0abifrei\u00f0a \u00e1 kold\u00edox\u00ed\u00f0i dragist saman um 15% \u00e1ri\u00f0 2025 mi\u00f0a\u00f0 vi\u00f0 2021 og 30% \u00e1ri\u00f0 2030. Me\u00f0 \u00e1\u00e6tluninni er markmi\u00f0i\u00f0 a\u00f0 hvetja b\u00edlaframlei\u00f0endur til a\u00f0 auka framlei\u00f0slu vistv\u00e6nna bifrei\u00f0a me\u00f0 \u00fev\u00ed a\u00f0 beita \u00fe\u00e1 sektum sem ekki n\u00e1 takmarki og ver\u00f0launa \u00fe\u00e1 sem \u00fea\u00f0 gera.<\/p>\n<p>Sj\u00e1 n\u00e1nar<a href=\"http:\/\/www.climateactionprogramme.org\/news\/the-european-commission-announces-new-clean-mobility-plan\" target=\"_blank\"> h\u00e9r \u00ed fr\u00e9tt<\/a> Climate Action.<\/p>\n<p>&nbsp;<\/p>\n<p>&nbsp;<\/p>\n","protected":false},"excerpt":{"rendered":"<p>N\u00fd \u00e1\u00e6tlun ESB mi\u00f0ar a\u00f0 \u00fev\u00ed a\u00f0 \u00fatbl\u00e1stur far\u00feegab\u00edla og sendifer\u00f0abifrei\u00f0a \u00e1 kold\u00edox\u00ed\u00f0i dragist saman um 15% \u00e1ri\u00f0 2025 mi\u00f0a\u00f0 vi\u00f0 2021 og 30% \u00e1ri\u00f0 2030. Me\u00f0 \u00e1\u00e6tluninni er markmi\u00f0i\u00f0 a\u00f0 hvetja b\u00edlaframlei\u00f0endur til a\u00f0 auka framlei\u00f0slu vistv\u00e6nna bifrei\u00f0a me\u00f0 &hellip; <a href=\"https:\/\/graenaorkan.is\/?p=1543\">Continue reading <span class=\"meta-nav\">&rarr;<\/span><\/a><\/p>\n","protected":false},"author":5,"featured_media":0,"comment_status":"open","ping_status":"open","sticky":false,"template":"","format":"standard","meta":[],"categories":[3,18,21],"tags":[],"_links":{"self":[{"href":"https:\/\/graenaorkan.is\/index.php?rest_route=\/wp\/v2\/posts\/1543"}],"collection":[{"href":"https:\/\/graenaorkan.is\/index.php?rest_route=\/wp\/v2\/posts"}],"about":[{"href":"https:\/\/graenaorkan.is\/index.php?rest_route=\/wp\/v2\/types\/post"}],"author":[{"embeddable":true,"href":"https:\/\/graenaorkan.is\/index.php?rest_route=\/wp\/v2\/users\/5"}],"replies":[{"embeddable":true,"href":"https:\/\/graenaorkan.is\/index.php?rest_route=%2Fwp%2Fv2%2Fcomments&post=1543"}],"version-history":[{"count":1,"href":"https:\/\/graenaorkan.is\/index.php?rest_route=\/wp\/v2\/posts\/1543\/revisions"}],"predecessor-version":[{"id":1544,"href":"https:\/\/graenaorkan.is\/index.php?rest_route=\/wp\/v2\/posts\/1543\/revisions\/1544"}],"wp:attachment":[{"href":"https:\/\/graenaorkan.is\/index.php?rest_route=%2Fwp%2Fv2%2Fmedia&parent=1543"}],"wp:term":[{"taxonomy":"category","embeddable":true,"href":"https:\/\/graenaorkan.is\/index.php?rest_route=%2Fwp%2Fv2%2Fcategories&post=1543"},{"taxonomy":"post_tag","embeddable":true,"href":"https:\/\/graenaorkan.is\/index.php?rest_route=%2Fwp%2Fv2%2Ftags&post=1543"}],"curies":[{"name":"wp","href":"https:\/\/api.w.org\/{rel}","templated":true}]}}