{"id":1546,"date":"2017-11-20T10:45:59","date_gmt":"2017-11-20T10:45:59","guid":{"rendered":"http:\/\/graenaorkan.is\/?p=1546"},"modified":"2017-11-20T10:45:59","modified_gmt":"2017-11-20T10:45:59","slug":"nikola-motor-co-semur-vid-powercell-og-bosch","status":"publish","type":"post","link":"https:\/\/graenaorkan.is\/?p=1546","title":{"rendered":"Nikola Motor Co semur vi\u00f0 PowerCell og Bosch"},"content":{"rendered":"<p>Nikola Motor Co hefur sami\u00f0 vi\u00f0 PowerCell \u00ed Sv\u00ed\u00fej\u00f3\u00f0 og Bosch \u00ed \u00de\u00fdskalandi um sm\u00ed\u00f0i efnarafala \u00ed trukk sem er \u00ed \u00fer\u00f3un hj\u00e1 fyrirt\u00e6kinu og mun ganga fyrir vetni og rafmagni. Gert er r\u00e1\u00f0 fyrir a\u00f0 pr\u00f3fanir \u00e1 bifrei\u00f0inni hefjist um hausti\u00f0 2018.<\/p>\n<p>Sj\u00e1 n\u00e1nar \u00ed <a href=\"http:\/\/www.ttnews.com\/articles\/nikola-announces-bosch-powercell-fuel-cell-suppliers\" target=\"_blank\">fr\u00e9tt<\/a> Transport Topics.<\/p>\n<p><img decoding=\"async\" loading=\"lazy\" src=\"http:\/\/www.ttnews.com\/sites\/default\/files\/images\/articles\/nikola-one_0.jpg\" alt=\"Nikola One\" width=\"840\" height=\"469\" \/><\/p>\n","protected":false},"excerpt":{"rendered":"<p>Nikola Motor Co hefur sami\u00f0 vi\u00f0 PowerCell \u00ed Sv\u00ed\u00fej\u00f3\u00f0 og Bosch \u00ed \u00de\u00fdskalandi um sm\u00ed\u00f0i efnarafala \u00ed trukk sem er \u00ed \u00fer\u00f3un hj\u00e1 fyrirt\u00e6kinu og mun ganga fyrir vetni og rafmagni. Gert er r\u00e1\u00f0 fyrir a\u00f0 pr\u00f3fanir \u00e1 bifrei\u00f0inni hefjist &hellip; <a href=\"https:\/\/graenaorkan.is\/?p=1546\">Continue reading <span class=\"meta-nav\">&rarr;<\/span><\/a><\/p>\n","protected":false},"author":5,"featured_media":0,"comment_status":"open","ping_status":"open","sticky":false,"template":"","format":"standard","meta":[],"categories":[3,10,18,11],"tags":[],"_links":{"self":[{"href":"https:\/\/graenaorkan.is\/index.php?rest_route=\/wp\/v2\/posts\/1546"}],"collection":[{"href":"https:\/\/graenaorkan.is\/index.php?rest_route=\/wp\/v2\/posts"}],"about":[{"href":"https:\/\/graenaorkan.is\/index.php?rest_route=\/wp\/v2\/types\/post"}],"author":[{"embeddable":true,"href":"https:\/\/graenaorkan.is\/index.php?rest_route=\/wp\/v2\/users\/5"}],"replies":[{"embeddable":true,"href":"https:\/\/graenaorkan.is\/index.php?rest_route=%2Fwp%2Fv2%2Fcomments&post=1546"}],"version-history":[{"count":1,"href":"https:\/\/graenaorkan.is\/index.php?rest_route=\/wp\/v2\/posts\/1546\/revisions"}],"predecessor-version":[{"id":1547,"href":"https:\/\/graenaorkan.is\/index.php?rest_route=\/wp\/v2\/posts\/1546\/revisions\/1547"}],"wp:attachment":[{"href":"https:\/\/graenaorkan.is\/index.php?rest_route=%2Fwp%2Fv2%2Fmedia&parent=1546"}],"wp:term":[{"taxonomy":"category","embeddable":true,"href":"https:\/\/graenaorkan.is\/index.php?rest_route=%2Fwp%2Fv2%2Fcategories&post=1546"},{"taxonomy":"post_tag","embeddable":true,"href":"https:\/\/graenaorkan.is\/index.php?rest_route=%2Fwp%2Fv2%2Ftags&post=1546"}],"curies":[{"name":"wp","href":"https:\/\/api.w.org\/{rel}","templated":true}]}}