{"id":1548,"date":"2017-11-28T09:21:04","date_gmt":"2017-11-28T09:21:04","guid":{"rendered":"http:\/\/graenaorkan.is\/?p=1548"},"modified":"2017-11-28T09:27:23","modified_gmt":"2017-11-28T09:27:23","slug":"toyota-vedjar-a-vetnid-til-framtidar","status":"publish","type":"post","link":"https:\/\/graenaorkan.is\/?p=1548","title":{"rendered":"Toyota ve\u00f0jar \u00e1 vetni\u00f0 til framt\u00ed\u00f0ar"},"content":{"rendered":"<p>Samkv\u00e6mt Al\u00fej\u00f3\u00f0a orkum\u00e1lastofnuninni mun fj\u00f6ldi rafb\u00edla \u00e1 g\u00f6tum heimsins n\u00e1 2 millj\u00f3num flj\u00f3tlega og tali\u00f0 er a\u00f0 fj\u00f6ldinn muni n\u00e1 9-20 millj\u00f3num fyrir \u00e1ri\u00f0 2020. Toyota b\u00edlaframlei\u00f0andinn, sem selur 10 millj\u00f3nir b\u00edla \u00e1 \u00e1ri, \u00e6tlar samt sem \u00e1\u00f0ur a\u00f0 ve\u00f0ja \u00e1 vetni sem orkugjafa framt\u00ed\u00f0ar, enda merkir Mirai, heiti vetnisb\u00edls Toyota, framt\u00ed\u00f0.<\/p>\n<p>Sj\u00e1 n\u00e1nar \u00ed fr\u00e9tt\u00a0<a href=\"https:\/\/www.autoserviceworld.com\/toyota-betting-hydrogen\/\" target=\"_blank\">h\u00e9r<\/a>.<\/p>\n<p><img decoding=\"async\" class=\"aligncenter\" src=\"https:\/\/www.autoserviceworld.com\/wp-content\/uploads\/2017\/11\/Toyota-Mirai-hydrogen-300x200.jpg\" alt=\"\" \/><\/p>\n","protected":false},"excerpt":{"rendered":"<p>Samkv\u00e6mt Al\u00fej\u00f3\u00f0a orkum\u00e1lastofnuninni mun fj\u00f6ldi rafb\u00edla \u00e1 g\u00f6tum heimsins n\u00e1 2 millj\u00f3num flj\u00f3tlega og tali\u00f0 er a\u00f0 fj\u00f6ldinn muni n\u00e1 9-20 millj\u00f3num fyrir \u00e1ri\u00f0 2020. Toyota b\u00edlaframlei\u00f0andinn, sem selur 10 millj\u00f3nir b\u00edla \u00e1 \u00e1ri, \u00e6tlar samt sem \u00e1\u00f0ur a\u00f0 ve\u00f0ja &hellip; <a href=\"https:\/\/graenaorkan.is\/?p=1548\">Continue reading <span class=\"meta-nav\">&rarr;<\/span><\/a><\/p>\n","protected":false},"author":5,"featured_media":0,"comment_status":"open","ping_status":"open","sticky":false,"template":"","format":"standard","meta":[],"categories":[3,18,11],"tags":[],"_links":{"self":[{"href":"https:\/\/graenaorkan.is\/index.php?rest_route=\/wp\/v2\/posts\/1548"}],"collection":[{"href":"https:\/\/graenaorkan.is\/index.php?rest_route=\/wp\/v2\/posts"}],"about":[{"href":"https:\/\/graenaorkan.is\/index.php?rest_route=\/wp\/v2\/types\/post"}],"author":[{"embeddable":true,"href":"https:\/\/graenaorkan.is\/index.php?rest_route=\/wp\/v2\/users\/5"}],"replies":[{"embeddable":true,"href":"https:\/\/graenaorkan.is\/index.php?rest_route=%2Fwp%2Fv2%2Fcomments&post=1548"}],"version-history":[{"count":3,"href":"https:\/\/graenaorkan.is\/index.php?rest_route=\/wp\/v2\/posts\/1548\/revisions"}],"predecessor-version":[{"id":1550,"href":"https:\/\/graenaorkan.is\/index.php?rest_route=\/wp\/v2\/posts\/1548\/revisions\/1550"}],"wp:attachment":[{"href":"https:\/\/graenaorkan.is\/index.php?rest_route=%2Fwp%2Fv2%2Fmedia&parent=1548"}],"wp:term":[{"taxonomy":"category","embeddable":true,"href":"https:\/\/graenaorkan.is\/index.php?rest_route=%2Fwp%2Fv2%2Fcategories&post=1548"},{"taxonomy":"post_tag","embeddable":true,"href":"https:\/\/graenaorkan.is\/index.php?rest_route=%2Fwp%2Fv2%2Ftags&post=1548"}],"curies":[{"name":"wp","href":"https:\/\/api.w.org\/{rel}","templated":true}]}}