{"id":1553,"date":"2017-12-01T11:27:08","date_gmt":"2017-12-01T11:27:08","guid":{"rendered":"http:\/\/graenaorkan.is\/?p=1553"},"modified":"2017-12-01T11:27:08","modified_gmt":"2017-12-01T11:27:08","slug":"greenfleet-magazine-utnefnir-renault-rafbilasmid-arsins","status":"publish","type":"post","link":"https:\/\/graenaorkan.is\/?p=1553","title":{"rendered":"GreenFleet Magazine \u00fatnefnir Renault rafb\u00edlasmi\u00f0 \u00e1rsins"},"content":{"rendered":"<p><span style=\"font-weight: 300;\">\u00a0Green\u00adFleet Magaz\u00adine \u00fatnefndi Renault n\u00fdlega rafb\u00edlasmi\u00f0 \u00e1rsins 2017.\u00a0<\/span><span style=\"font-weight: 300;\">Ver\u00f0laun\u00a0<\/span><a style=\"font-weight: 300;\" href=\"https:\/\/cleantechnica.com\/2017\/11\/28\/renault-wins-electric-vehicle-manufacturer-year-award-greenfleet-awards-2017\/\" rel=\"noopener noreferrer\" target=\"_blank\">Green Fleet<\/a><span style=\"font-weight: 300;\">\u00a0koma \u00ed kj\u00f6l\u00adfar fleiri ver\u00f0launa sem Renault hef\u00adur hloti\u00f0 fyr\u00adir\u00a0<\/span><span style=\"font-weight: 300;\">raf\u00ad\u00adb\u00edla s\u00edna, en <em><span style=\"text-decoration: underline;\">What Car?<\/span><\/em>\u00a0\u00fat\u00adnefndi Zoe besta raf\u00admagns\u00adb\u00edl\u00adinn 2017\u00a0<\/span><span style=\"font-weight: 300;\">og jafn\u00adframt besta nota\u00f0a raf\u00admagns\u00adb\u00edl\u00adinn 2018. \u00de\u00e1 \u00fat\u00adnefndi Autocar Zoe frum\u00adkv\u00f6\u00f0ul\u00a0<\/span><span style=\"font-weight: 300;\">\u00e1rs\u00adins 2017 og Par\u00adkers kaus hann \u00feann um\u00adhverf\u00adi\u00ads\u00adv\u00e6n\u00adasta 2018.<\/span><\/p>\n<p>Sj\u00e1 n\u00e1nar \u00ed fr\u00e9tt <a href=\"http:\/\/www.mbl.is\/bill\/frettir\/2017\/11\/30\/renault_er_rafbilasmidur_arsins\/\">mbl.is<\/a> og <a href=\"https:\/\/cleantechnica.com\/2017\/11\/28\/renault-wins-electric-vehicle-manufacturer-year-award-greenfleet-awards-2017\/\">CleanTechnica<\/a>.<\/p>\n","protected":false},"excerpt":{"rendered":"<p>\u00a0Green\u00adFleet Magaz\u00adine \u00fatnefndi Renault n\u00fdlega rafb\u00edlasmi\u00f0 \u00e1rsins 2017.\u00a0Ver\u00f0laun\u00a0Green Fleet\u00a0koma \u00ed kj\u00f6l\u00adfar fleiri ver\u00f0launa sem Renault hef\u00adur hloti\u00f0 fyr\u00adir\u00a0raf\u00ad\u00adb\u00edla s\u00edna, en What Car?\u00a0\u00fat\u00adnefndi Zoe besta raf\u00admagns\u00adb\u00edl\u00adinn 2017\u00a0og jafn\u00adframt besta nota\u00f0a raf\u00admagns\u00adb\u00edl\u00adinn 2018. \u00de\u00e1 \u00fat\u00adnefndi Autocar Zoe frum\u00adkv\u00f6\u00f0ul\u00a0\u00e1rs\u00adins 2017 og Par\u00adkers kaus &hellip; <a href=\"https:\/\/graenaorkan.is\/?p=1553\">Continue reading <span class=\"meta-nav\">&rarr;<\/span><\/a><\/p>\n","protected":false},"author":5,"featured_media":0,"comment_status":"open","ping_status":"open","sticky":false,"template":"","format":"standard","meta":[],"categories":[3,10],"tags":[],"_links":{"self":[{"href":"https:\/\/graenaorkan.is\/index.php?rest_route=\/wp\/v2\/posts\/1553"}],"collection":[{"href":"https:\/\/graenaorkan.is\/index.php?rest_route=\/wp\/v2\/posts"}],"about":[{"href":"https:\/\/graenaorkan.is\/index.php?rest_route=\/wp\/v2\/types\/post"}],"author":[{"embeddable":true,"href":"https:\/\/graenaorkan.is\/index.php?rest_route=\/wp\/v2\/users\/5"}],"replies":[{"embeddable":true,"href":"https:\/\/graenaorkan.is\/index.php?rest_route=%2Fwp%2Fv2%2Fcomments&post=1553"}],"version-history":[{"count":2,"href":"https:\/\/graenaorkan.is\/index.php?rest_route=\/wp\/v2\/posts\/1553\/revisions"}],"predecessor-version":[{"id":1555,"href":"https:\/\/graenaorkan.is\/index.php?rest_route=\/wp\/v2\/posts\/1553\/revisions\/1555"}],"wp:attachment":[{"href":"https:\/\/graenaorkan.is\/index.php?rest_route=%2Fwp%2Fv2%2Fmedia&parent=1553"}],"wp:term":[{"taxonomy":"category","embeddable":true,"href":"https:\/\/graenaorkan.is\/index.php?rest_route=%2Fwp%2Fv2%2Fcategories&post=1553"},{"taxonomy":"post_tag","embeddable":true,"href":"https:\/\/graenaorkan.is\/index.php?rest_route=%2Fwp%2Fv2%2Ftags&post=1553"}],"curies":[{"name":"wp","href":"https:\/\/api.w.org\/{rel}","templated":true}]}}