{"id":1560,"date":"2017-12-19T10:50:35","date_gmt":"2017-12-19T10:50:35","guid":{"rendered":"http:\/\/graenaorkan.is\/?p=1560"},"modified":"2017-12-19T10:50:35","modified_gmt":"2017-12-19T10:50:35","slug":"fyrsta-disil-rafknuna-fiskiskipid-komid-til-landsins","status":"publish","type":"post","link":"https:\/\/graenaorkan.is\/?p=1560","title":{"rendered":"Fyrsta d\u00edsil-rafkn\u00fana fiskiskipi\u00f0 komi\u00f0 til landsins"},"content":{"rendered":"<p>Fyrsta fiskiskipi\u00f0 sem kn\u00fai\u00f0 er af rafm\u00f3tor kom til Reykjav\u00edkurhafnar \u00ed g\u00e6r. Skipi\u00f0 er n\u00fdtt l\u00ednu- og netaskip \u00fatger\u00f0arinnar Storms Seafood og er \u00fea\u00f0\u00a0<span style=\"font-weight: 300;\">d\u00edsil-rafkn\u00fai\u00f0\u201c (e.\u00a0<\/span><em style=\"font-weight: 300;\">diesel-electric<\/em><span style=\"font-weight: 300;\">) \u00fear sem skr\u00fafub\u00fana\u00f0urinn s\u00e9 kn\u00fainn af rafm\u00f3tor.<\/span><\/p>\n<p>Sj\u00e1 n\u00e1nar \u00ed fr\u00e9tt <a href=\"http:\/\/www.visir.is\/g\/2017171218747\/fyrsta-fiskiskip-landins-sem-knuid-er-af-rafmotor-sigldi-til-reykjavikur\" target=\"_blank\">v\u00edsis<\/a>\u00a0og hj\u00e1 <a href=\"https:\/\/kjarninn.is\/frettir\/2017-12-19-fyrsta-rafknuna-fiskiskip-islenska-flotans\/\" target=\"_blank\">Kjarnanum<\/a>.<\/p>\n<p><img decoding=\"async\" src=\"https:\/\/kjarninn.overcastcdn.com\/images\/IMG_1665.width-720.jpg\" alt=\"Stormur191217\" \/><\/p>\n","protected":false},"excerpt":{"rendered":"<p>Fyrsta fiskiskipi\u00f0 sem kn\u00fai\u00f0 er af rafm\u00f3tor kom til Reykjav\u00edkurhafnar \u00ed g\u00e6r. Skipi\u00f0 er n\u00fdtt l\u00ednu- og netaskip \u00fatger\u00f0arinnar Storms Seafood og er \u00fea\u00f0\u00a0d\u00edsil-rafkn\u00fai\u00f0\u201c (e.\u00a0diesel-electric) \u00fear sem skr\u00fafub\u00fana\u00f0urinn s\u00e9 kn\u00fainn af rafm\u00f3tor. Sj\u00e1 n\u00e1nar \u00ed fr\u00e9tt v\u00edsis\u00a0og hj\u00e1 Kjarnanum.<\/p>\n","protected":false},"author":5,"featured_media":0,"comment_status":"open","ping_status":"open","sticky":false,"template":"","format":"standard","meta":[],"categories":[10,18],"tags":[],"_links":{"self":[{"href":"https:\/\/graenaorkan.is\/index.php?rest_route=\/wp\/v2\/posts\/1560"}],"collection":[{"href":"https:\/\/graenaorkan.is\/index.php?rest_route=\/wp\/v2\/posts"}],"about":[{"href":"https:\/\/graenaorkan.is\/index.php?rest_route=\/wp\/v2\/types\/post"}],"author":[{"embeddable":true,"href":"https:\/\/graenaorkan.is\/index.php?rest_route=\/wp\/v2\/users\/5"}],"replies":[{"embeddable":true,"href":"https:\/\/graenaorkan.is\/index.php?rest_route=%2Fwp%2Fv2%2Fcomments&post=1560"}],"version-history":[{"count":1,"href":"https:\/\/graenaorkan.is\/index.php?rest_route=\/wp\/v2\/posts\/1560\/revisions"}],"predecessor-version":[{"id":1561,"href":"https:\/\/graenaorkan.is\/index.php?rest_route=\/wp\/v2\/posts\/1560\/revisions\/1561"}],"wp:attachment":[{"href":"https:\/\/graenaorkan.is\/index.php?rest_route=%2Fwp%2Fv2%2Fmedia&parent=1560"}],"wp:term":[{"taxonomy":"category","embeddable":true,"href":"https:\/\/graenaorkan.is\/index.php?rest_route=%2Fwp%2Fv2%2Fcategories&post=1560"},{"taxonomy":"post_tag","embeddable":true,"href":"https:\/\/graenaorkan.is\/index.php?rest_route=%2Fwp%2Fv2%2Ftags&post=1560"}],"curies":[{"name":"wp","href":"https:\/\/api.w.org\/{rel}","templated":true}]}}