{"id":1574,"date":"2018-01-03T14:39:48","date_gmt":"2018-01-03T14:39:48","guid":{"rendered":"http:\/\/graenaorkan.is\/?p=1574"},"modified":"2018-01-03T14:44:32","modified_gmt":"2018-01-03T14:44:32","slug":"helmingur-seldra-bifreida-i-noregi-2017var-rafknuinn","status":"publish","type":"post","link":"https:\/\/graenaorkan.is\/?p=1574","title":{"rendered":"Helmingur seldra bifrei\u00f0a \u00ed Noregi 2017 var rafkn\u00fainn"},"content":{"rendered":"<p>\u00c1 \u00e1rinu 2017 var r\u00famur helmingur (52%) seldra bifrei\u00f0a \u00ed Noregi rafb\u00edll e\u00f0a tvinnb\u00edll og er \u00fea\u00f0 aukning \u00far 40% fr\u00e1 \u00e1rinu \u00e1\u00f0ur. Hollendingar voru \u00ed \u00f6\u00f0ru s\u00e6ti en \u00fear \u00ed landi var hlutfall rafb\u00edla og tvinnb\u00edla af seldum b\u00edlum \u00e1 \u00e1rinu 6,4%.<\/p>\n<p>Sj\u00e1 n\u00e1nar \u00ed umfj\u00f6llun <a href=\"https:\/\/www.autoblog.com\/2018\/01\/03\/ev-hybrid-car-sales-norway\/\" target=\"_blank\">Autoblog<\/a>.<\/p>\n<p><a href=\"https:\/\/graenaorkan.is\/wp-content\/uploads\/2016\/06\/fast-charging-cars.jpg\"><img decoding=\"async\" loading=\"lazy\" class=\"aligncenter size-full wp-image-1393\" title=\"fast charging cars\" src=\"https:\/\/graenaorkan.is\/wp-content\/uploads\/2016\/06\/fast-charging-cars.jpg\" alt=\"\" width=\"638\" height=\"359\" srcset=\"https:\/\/graenaorkan.is\/wp-content\/uploads\/2016\/06\/fast-charging-cars.jpg 638w, https:\/\/graenaorkan.is\/wp-content\/uploads\/2016\/06\/fast-charging-cars-300x168.jpg 300w, https:\/\/graenaorkan.is\/wp-content\/uploads\/2016\/06\/fast-charging-cars-355x200.jpg 355w, https:\/\/graenaorkan.is\/wp-content\/uploads\/2016\/06\/fast-charging-cars-500x281.jpg 500w\" sizes=\"(max-width: 638px) 100vw, 638px\" \/><\/a><\/p>\n","protected":false},"excerpt":{"rendered":"<p>\u00c1 \u00e1rinu 2017 var r\u00famur helmingur (52%) seldra bifrei\u00f0a \u00ed Noregi rafb\u00edll e\u00f0a tvinnb\u00edll og er \u00fea\u00f0 aukning \u00far 40% fr\u00e1 \u00e1rinu \u00e1\u00f0ur. Hollendingar voru \u00ed \u00f6\u00f0ru s\u00e6ti en \u00fear \u00ed landi var hlutfall rafb\u00edla og tvinnb\u00edla af seldum b\u00edlum &hellip; <a href=\"https:\/\/graenaorkan.is\/?p=1574\">Continue reading <span class=\"meta-nav\">&rarr;<\/span><\/a><\/p>\n","protected":false},"author":5,"featured_media":0,"comment_status":"open","ping_status":"open","sticky":false,"template":"","format":"standard","meta":[],"categories":[3,20,10],"tags":[],"_links":{"self":[{"href":"https:\/\/graenaorkan.is\/index.php?rest_route=\/wp\/v2\/posts\/1574"}],"collection":[{"href":"https:\/\/graenaorkan.is\/index.php?rest_route=\/wp\/v2\/posts"}],"about":[{"href":"https:\/\/graenaorkan.is\/index.php?rest_route=\/wp\/v2\/types\/post"}],"author":[{"embeddable":true,"href":"https:\/\/graenaorkan.is\/index.php?rest_route=\/wp\/v2\/users\/5"}],"replies":[{"embeddable":true,"href":"https:\/\/graenaorkan.is\/index.php?rest_route=%2Fwp%2Fv2%2Fcomments&post=1574"}],"version-history":[{"count":3,"href":"https:\/\/graenaorkan.is\/index.php?rest_route=\/wp\/v2\/posts\/1574\/revisions"}],"predecessor-version":[{"id":1576,"href":"https:\/\/graenaorkan.is\/index.php?rest_route=\/wp\/v2\/posts\/1574\/revisions\/1576"}],"wp:attachment":[{"href":"https:\/\/graenaorkan.is\/index.php?rest_route=%2Fwp%2Fv2%2Fmedia&parent=1574"}],"wp:term":[{"taxonomy":"category","embeddable":true,"href":"https:\/\/graenaorkan.is\/index.php?rest_route=%2Fwp%2Fv2%2Fcategories&post=1574"},{"taxonomy":"post_tag","embeddable":true,"href":"https:\/\/graenaorkan.is\/index.php?rest_route=%2Fwp%2Fv2%2Ftags&post=1574"}],"curies":[{"name":"wp","href":"https:\/\/api.w.org\/{rel}","templated":true}]}}