{"id":1578,"date":"2018-01-10T15:14:04","date_gmt":"2018-01-10T15:14:04","guid":{"rendered":"http:\/\/graenaorkan.is\/?p=1578"},"modified":"2018-01-10T15:14:04","modified_gmt":"2018-01-10T15:14:04","slug":"umhverfisradstefna-gallup-11-januar","status":"publish","type":"post","link":"https:\/\/graenaorkan.is\/?p=1578","title":{"rendered":"Umhverfisr\u00e1\u00f0stefna Gallup 11. jan\u00faar"},"content":{"rendered":"<p>Gallup \u00e1samt samstarfsa\u00f0ilum b\u00fd\u00f0ur til morgunr\u00e1\u00f0stefnu \u00ed Nor\u00f0urlj\u00f3sasal H\u00f6rpu 11. jan\u00faar n\u00e6stkomandi. \u00dear munu s\u00e9rfr\u00e6\u00f0ingar fyrirt\u00e6kisins kynna ni\u00f0urst\u00f6\u00f0ur n\u00fdrrar k\u00f6nnunar \u00e1 vi\u00f0horfi \u00cdslendinga til umhverfis- og loftslagsm\u00e1la.<\/p>\n<p>Sj\u00e1 n\u00e1nar \u00ed<a href=\"http:\/\/www.gallup.is\/radstefna\/\" target=\"_blank\"> hlekk<\/a> um r\u00e1\u00f0stefnuna og skr\u00e1ningu en einnig \u00e1 <a href=\"https:\/\/www.facebook.com\/events\/1800506850257180\/\" target=\"_blank\">Facebook<\/a>.<\/p>\n<p><img decoding=\"async\" src=\"http:\/\/www.gallup.is\/wp-content\/uploads\/2018\/01\/NM-umhverfisgallup-skraningarsida-2-750x250.jpg\" alt=\"\" \/><\/p>\n","protected":false},"excerpt":{"rendered":"<p>Gallup \u00e1samt samstarfsa\u00f0ilum b\u00fd\u00f0ur til morgunr\u00e1\u00f0stefnu \u00ed Nor\u00f0urlj\u00f3sasal H\u00f6rpu 11. jan\u00faar n\u00e6stkomandi. \u00dear munu s\u00e9rfr\u00e6\u00f0ingar fyrirt\u00e6kisins kynna ni\u00f0urst\u00f6\u00f0ur n\u00fdrrar k\u00f6nnunar \u00e1 vi\u00f0horfi \u00cdslendinga til umhverfis- og loftslagsm\u00e1la. Sj\u00e1 n\u00e1nar \u00ed hlekk um r\u00e1\u00f0stefnuna og skr\u00e1ningu en einnig \u00e1 Facebook.<\/p>\n","protected":false},"author":5,"featured_media":0,"comment_status":"open","ping_status":"open","sticky":false,"template":"","format":"standard","meta":[],"categories":[5,21],"tags":[],"_links":{"self":[{"href":"https:\/\/graenaorkan.is\/index.php?rest_route=\/wp\/v2\/posts\/1578"}],"collection":[{"href":"https:\/\/graenaorkan.is\/index.php?rest_route=\/wp\/v2\/posts"}],"about":[{"href":"https:\/\/graenaorkan.is\/index.php?rest_route=\/wp\/v2\/types\/post"}],"author":[{"embeddable":true,"href":"https:\/\/graenaorkan.is\/index.php?rest_route=\/wp\/v2\/users\/5"}],"replies":[{"embeddable":true,"href":"https:\/\/graenaorkan.is\/index.php?rest_route=%2Fwp%2Fv2%2Fcomments&post=1578"}],"version-history":[{"count":1,"href":"https:\/\/graenaorkan.is\/index.php?rest_route=\/wp\/v2\/posts\/1578\/revisions"}],"predecessor-version":[{"id":1579,"href":"https:\/\/graenaorkan.is\/index.php?rest_route=\/wp\/v2\/posts\/1578\/revisions\/1579"}],"wp:attachment":[{"href":"https:\/\/graenaorkan.is\/index.php?rest_route=%2Fwp%2Fv2%2Fmedia&parent=1578"}],"wp:term":[{"taxonomy":"category","embeddable":true,"href":"https:\/\/graenaorkan.is\/index.php?rest_route=%2Fwp%2Fv2%2Fcategories&post=1578"},{"taxonomy":"post_tag","embeddable":true,"href":"https:\/\/graenaorkan.is\/index.php?rest_route=%2Fwp%2Fv2%2Ftags&post=1578"}],"curies":[{"name":"wp","href":"https:\/\/api.w.org\/{rel}","templated":true}]}}