{"id":1585,"date":"2018-01-22T10:11:28","date_gmt":"2018-01-22T10:11:28","guid":{"rendered":"http:\/\/graenaorkan.is\/?p=1585"},"modified":"2018-01-22T10:11:28","modified_gmt":"2018-01-22T10:11:28","slug":"verd-a-raforku-fra-vindorku-i-landi-ordid-jafnt","status":"publish","type":"post","link":"https:\/\/graenaorkan.is\/?p=1585","title":{"rendered":"Ver\u00f0 \u00e1 raforku fr\u00e1 vindorku \u00ed landi or\u00f0i\u00f0 jafnt"},"content":{"rendered":"<p>\u00cd n\u00fd\u00fatkominn sk\u00fdrslu IRENA (Al\u00fej\u00f3\u00f0astofnun um endurn\u00fdjanlega orkugjafa)<a href=\"http:\/\/www.irena.org\/publications\/2018\/Jan\/Renewable-power-generation-costs-in-2017\" target=\"_blank\"> Renewable Power Generation Costs 2017<\/a>\u00a0kemur fram a\u00f0 orkuframlei\u00f0sla me\u00f0 endurn\u00fdjanlegum orkugj\u00f6fum hafi haldi\u00f0 \u00e1fram a\u00f0 falla \u00e1 \u00e1rinu 2017. Enn fremur segir \u00ed sk\u00fdrslunni a\u00f0 ver\u00f0 \u00e1 raforku fr\u00e1 vindorku \u00ed landi hafi l\u00e6kka\u00f0 um 18% \u00e1 \u00e1runum 2010 til 2017 og s\u00e9 n\u00fa um\u00a0USD 0.04\/kWh, sem er mj\u00f6g samkeppnish\u00e6ft.<\/p>\n<p>Sj\u00e1 n\u00e1nar \u00ed <a href=\"http:\/\/www.irena.org\/-\/media\/Files\/IRENA\/Agency\/Publication\/2018\/Jan\/IRENA_2017_Power_Costs_2018_summary.pdf?la=en&amp;hash=6A74B8D3F7931DEF00AB88BD3B339CAE180D11C3\" target=\"_blank\">\u00fatdr\u00e6tti<\/a> og <a href=\"http:\/\/www.irena.org\/publications\/2018\/Jan\/Renewable-power-generation-costs-in-2017\" target=\"_blank\">sk\u00fdrslunni \u00ed heild<\/a>.<\/p>\n<p><img decoding=\"async\" src=\"https:\/\/www.visindavefur.is\/myndir\/vindmyllur_vindur_stor_060916.jpg\" alt=\"Image result for vindorka\" \/><\/p>\n","protected":false},"excerpt":{"rendered":"<p>\u00cd n\u00fd\u00fatkominn sk\u00fdrslu IRENA (Al\u00fej\u00f3\u00f0astofnun um endurn\u00fdjanlega orkugjafa) Renewable Power Generation Costs 2017\u00a0kemur fram a\u00f0 orkuframlei\u00f0sla me\u00f0 endurn\u00fdjanlegum orkugj\u00f6fum hafi haldi\u00f0 \u00e1fram a\u00f0 falla \u00e1 \u00e1rinu 2017. Enn fremur segir \u00ed sk\u00fdrslunni a\u00f0 ver\u00f0 \u00e1 raforku fr\u00e1 vindorku \u00ed landi &hellip; <a href=\"https:\/\/graenaorkan.is\/?p=1585\">Continue reading <span class=\"meta-nav\">&rarr;<\/span><\/a><\/p>\n","protected":false},"author":5,"featured_media":0,"comment_status":"open","ping_status":"open","sticky":false,"template":"","format":"standard","meta":[],"categories":[17],"tags":[],"_links":{"self":[{"href":"https:\/\/graenaorkan.is\/index.php?rest_route=\/wp\/v2\/posts\/1585"}],"collection":[{"href":"https:\/\/graenaorkan.is\/index.php?rest_route=\/wp\/v2\/posts"}],"about":[{"href":"https:\/\/graenaorkan.is\/index.php?rest_route=\/wp\/v2\/types\/post"}],"author":[{"embeddable":true,"href":"https:\/\/graenaorkan.is\/index.php?rest_route=\/wp\/v2\/users\/5"}],"replies":[{"embeddable":true,"href":"https:\/\/graenaorkan.is\/index.php?rest_route=%2Fwp%2Fv2%2Fcomments&post=1585"}],"version-history":[{"count":1,"href":"https:\/\/graenaorkan.is\/index.php?rest_route=\/wp\/v2\/posts\/1585\/revisions"}],"predecessor-version":[{"id":1586,"href":"https:\/\/graenaorkan.is\/index.php?rest_route=\/wp\/v2\/posts\/1585\/revisions\/1586"}],"wp:attachment":[{"href":"https:\/\/graenaorkan.is\/index.php?rest_route=%2Fwp%2Fv2%2Fmedia&parent=1585"}],"wp:term":[{"taxonomy":"category","embeddable":true,"href":"https:\/\/graenaorkan.is\/index.php?rest_route=%2Fwp%2Fv2%2Fcategories&post=1585"},{"taxonomy":"post_tag","embeddable":true,"href":"https:\/\/graenaorkan.is\/index.php?rest_route=%2Fwp%2Fv2%2Ftags&post=1585"}],"curies":[{"name":"wp","href":"https:\/\/api.w.org\/{rel}","templated":true}]}}