{"id":1616,"date":"2018-02-26T15:33:34","date_gmt":"2018-02-26T15:33:34","guid":{"rendered":"http:\/\/graenaorkan.is\/?p=1616"},"modified":"2018-02-26T15:33:34","modified_gmt":"2018-02-26T15:33:34","slug":"hyundai-nexo-faer-goda-doma","status":"publish","type":"post","link":"https:\/\/graenaorkan.is\/?p=1616","title":{"rendered":"Hyundai Nexo f\u00e6r g\u00f3\u00f0a d\u00f3ma"},"content":{"rendered":"<p>Nexo, n\u00fdr vetnisb\u00edll japanska b\u00edlaframlei\u00f0andans Hyundai, var frums\u00fdndur \u00ed li\u00f0num m\u00e1nu\u00f0i \u00e1\u00a0Consumer Electronics Show. Hann \u00feykir lipur og kvikur og er b\u00fainn margv\u00edslegum \u00f6ryggiseinkennum auk \u00feess a\u00f0 geta lagt s\u00e9r sj\u00e1lfur \u00ed st\u00e6\u00f0i.<\/p>\n<p>Sj\u00e1 n\u00e1nar \u00ed fr\u00e9tt <a href=\"https:\/\/www.greencarreports.com\/news\/1115410_hyundai-nexo-fuel-cell-suv-verdicts-classy-zippier-still-a-niche-vehicle\" target=\"_blank\">Green Car Reports<\/a>.<\/p>\n<p><img decoding=\"async\" src=\"https:\/\/cnet2.cbsistatic.com\/img\/GLu8EKGvILcgFplvYX3ayfnjXzg=\/936x527\/2018\/02\/19\/ae813058-b72e-471c-af5a-8e3ac89f147c\/hyundai-nexo-fuel-cell-suv-22.jpg\" alt=\"Image result for hyundai nexo\" \/><\/p>\n","protected":false},"excerpt":{"rendered":"<p>Nexo, n\u00fdr vetnisb\u00edll japanska b\u00edlaframlei\u00f0andans Hyundai, var frums\u00fdndur \u00ed li\u00f0num m\u00e1nu\u00f0i \u00e1\u00a0Consumer Electronics Show. Hann \u00feykir lipur og kvikur og er b\u00fainn margv\u00edslegum \u00f6ryggiseinkennum auk \u00feess a\u00f0 geta lagt s\u00e9r sj\u00e1lfur \u00ed st\u00e6\u00f0i. Sj\u00e1 n\u00e1nar \u00ed fr\u00e9tt Green Car Reports.<\/p>\n","protected":false},"author":5,"featured_media":0,"comment_status":"open","ping_status":"open","sticky":false,"template":"","format":"standard","meta":[],"categories":[3,11],"tags":[],"_links":{"self":[{"href":"https:\/\/graenaorkan.is\/index.php?rest_route=\/wp\/v2\/posts\/1616"}],"collection":[{"href":"https:\/\/graenaorkan.is\/index.php?rest_route=\/wp\/v2\/posts"}],"about":[{"href":"https:\/\/graenaorkan.is\/index.php?rest_route=\/wp\/v2\/types\/post"}],"author":[{"embeddable":true,"href":"https:\/\/graenaorkan.is\/index.php?rest_route=\/wp\/v2\/users\/5"}],"replies":[{"embeddable":true,"href":"https:\/\/graenaorkan.is\/index.php?rest_route=%2Fwp%2Fv2%2Fcomments&post=1616"}],"version-history":[{"count":1,"href":"https:\/\/graenaorkan.is\/index.php?rest_route=\/wp\/v2\/posts\/1616\/revisions"}],"predecessor-version":[{"id":1617,"href":"https:\/\/graenaorkan.is\/index.php?rest_route=\/wp\/v2\/posts\/1616\/revisions\/1617"}],"wp:attachment":[{"href":"https:\/\/graenaorkan.is\/index.php?rest_route=%2Fwp%2Fv2%2Fmedia&parent=1616"}],"wp:term":[{"taxonomy":"category","embeddable":true,"href":"https:\/\/graenaorkan.is\/index.php?rest_route=%2Fwp%2Fv2%2Fcategories&post=1616"},{"taxonomy":"post_tag","embeddable":true,"href":"https:\/\/graenaorkan.is\/index.php?rest_route=%2Fwp%2Fv2%2Ftags&post=1616"}],"curies":[{"name":"wp","href":"https:\/\/api.w.org\/{rel}","templated":true}]}}