{"id":1618,"date":"2018-03-01T15:09:47","date_gmt":"2018-03-01T15:09:47","guid":{"rendered":"http:\/\/graenaorkan.is\/?p=1618"},"modified":"2018-03-01T15:09:47","modified_gmt":"2018-03-01T15:09:47","slug":"opid-fyrir-umsagnir-um-skyrsludrog-starfshops-um-endurskodun-skattlagningar-okutaekja-og-eldsneytis","status":"publish","type":"post","link":"https:\/\/graenaorkan.is\/?p=1618","title":{"rendered":"Opi\u00f0 fyrir umsagnir um sk\u00fdrsludr\u00f6g starfsh\u00f3ps um endursko\u00f0un skattlagningar \u00f6kut\u00e6kja og eldsneytis"},"content":{"rendered":"<p>5. febr\u00faar 2016 skipa\u00f0i fj\u00e1rm\u00e1la- og efnahagsr\u00e1\u00f0herra starfsh\u00f3p sem fali\u00f0 var a\u00f0 taka skattlagningu \u00f6kut\u00e6kja og eldsneytis til endursko\u00f0unar. Dr\u00f6g a\u00f0 sk\u00fdrslu starfsh\u00f3psins liggja n\u00fa fyrir. \u00a0\u00cd sk\u00fdrsludr\u00f6gunum koma fram till\u00f6gur sem m.a. byggja \u00e1 markmi\u00f0um um einfalt, r\u00e9ttl\u00e1tt, samr\u00e6mt og skilvirkt skattkerfi, stefna a\u00f0 orkusparna\u00f0i og aukinni n\u00fdtingu innlendra orkugjafa og stu\u00f0la a\u00f0 \u00fev\u00ed a\u00f0 dregi\u00f0 ver\u00f0i \u00far losun gr\u00f3\u00f0urh\u00fasalofttegunda og ska\u00f0legra efna fr\u00e1 \u00f6kut\u00e6kjum.<\/p>\n<p>\u00cd <a href=\" https:\/\/samradsgatt.island.is\/oll-mal\/$Cases\/Details\/?id=18\" target=\"_blank\">samr\u00e1\u00f0sg\u00e1tt<\/a> m\u00e1 n\u00e1lgast sk\u00fdrsluna og senda ums\u00f6gn.<\/p>\n<p><span style=\"font-weight: 300;\">Opi\u00f0 er fyrir innsendingu umsagna um dr\u00f6g a\u00f0 sk\u00fdrslu starfsh\u00f3ps um endursko\u00f0un skattlagningar \u00f6kut\u00e6kja og eldsneytis <\/span><strong>23. febr\u00faar til og me\u00f0 16. mars 2018<\/strong><span style=\"font-weight: 300;\">. Vi\u00f0 hvetjum f\u00e9laga Gr\u00e6nu orkunnar til a\u00f0 kynna s\u00e9r dr\u00f6gin og senda umsagnir um m\u00e1li\u00f0.<\/span><\/p>\n<p><img decoding=\"async\" style=\"font-weight: 300;\" src=\"http:\/\/www.government-fleet.com\/fc_images\/articles\/l-gf-nafa.jpg\" alt=\"Image result for alternative fuels\" \/><\/p>\n","protected":false},"excerpt":{"rendered":"<p>5. febr\u00faar 2016 skipa\u00f0i fj\u00e1rm\u00e1la- og efnahagsr\u00e1\u00f0herra starfsh\u00f3p sem fali\u00f0 var a\u00f0 taka skattlagningu \u00f6kut\u00e6kja og eldsneytis til endursko\u00f0unar. Dr\u00f6g a\u00f0 sk\u00fdrslu starfsh\u00f3psins liggja n\u00fa fyrir. \u00a0\u00cd sk\u00fdrsludr\u00f6gunum koma fram till\u00f6gur sem m.a. byggja \u00e1 markmi\u00f0um um einfalt, r\u00e9ttl\u00e1tt, samr\u00e6mt &hellip; <a href=\"https:\/\/graenaorkan.is\/?p=1618\">Continue reading <span class=\"meta-nav\">&rarr;<\/span><\/a><\/p>\n","protected":false},"author":5,"featured_media":0,"comment_status":"open","ping_status":"open","sticky":false,"template":"","format":"standard","meta":[],"categories":[23,20,21],"tags":[],"_links":{"self":[{"href":"https:\/\/graenaorkan.is\/index.php?rest_route=\/wp\/v2\/posts\/1618"}],"collection":[{"href":"https:\/\/graenaorkan.is\/index.php?rest_route=\/wp\/v2\/posts"}],"about":[{"href":"https:\/\/graenaorkan.is\/index.php?rest_route=\/wp\/v2\/types\/post"}],"author":[{"embeddable":true,"href":"https:\/\/graenaorkan.is\/index.php?rest_route=\/wp\/v2\/users\/5"}],"replies":[{"embeddable":true,"href":"https:\/\/graenaorkan.is\/index.php?rest_route=%2Fwp%2Fv2%2Fcomments&post=1618"}],"version-history":[{"count":2,"href":"https:\/\/graenaorkan.is\/index.php?rest_route=\/wp\/v2\/posts\/1618\/revisions"}],"predecessor-version":[{"id":1620,"href":"https:\/\/graenaorkan.is\/index.php?rest_route=\/wp\/v2\/posts\/1618\/revisions\/1620"}],"wp:attachment":[{"href":"https:\/\/graenaorkan.is\/index.php?rest_route=%2Fwp%2Fv2%2Fmedia&parent=1618"}],"wp:term":[{"taxonomy":"category","embeddable":true,"href":"https:\/\/graenaorkan.is\/index.php?rest_route=%2Fwp%2Fv2%2Fcategories&post=1618"},{"taxonomy":"post_tag","embeddable":true,"href":"https:\/\/graenaorkan.is\/index.php?rest_route=%2Fwp%2Fv2%2Ftags&post=1618"}],"curies":[{"name":"wp","href":"https:\/\/api.w.org\/{rel}","templated":true}]}}