{"id":1621,"date":"2018-03-05T10:29:17","date_gmt":"2018-03-05T10:29:17","guid":{"rendered":"http:\/\/graenaorkan.is\/?p=1621"},"modified":"2018-03-05T10:29:17","modified_gmt":"2018-03-05T10:29:17","slug":"fiat-chrysler-mun-haetta-framleidslu-disilbila-arid-2022","status":"publish","type":"post","link":"https:\/\/graenaorkan.is\/?p=1621","title":{"rendered":"Fiat-Chrysler mun h\u00e6tta framlei\u00f0slu d\u00edsilb\u00edla \u00e1ri\u00f0 2022"},"content":{"rendered":"<p>Financial Times birti n\u00fdlega fr\u00e9tt \u00feess efnis a\u00f0 Fiat-Chrysler hyg\u00f0ist greina s\u00ed\u00f0ar \u00e1 \u00e1rinu fr\u00e1 \u00e1\u00e6tlun um hvernig fyrirt\u00e6ki\u00f0 muni draga \u00far framlei\u00f0slu d\u00edsilb\u00edla \u00ed \u00e1f\u00f6ngum fram til \u00e1rsins 2022. \u00deetta \u00e1 vi\u00f0 mun alla b\u00edla framlei\u00f0andans og tali\u00f0 er a\u00f0 meginors\u00f6kin s\u00e9 samdr\u00e1ttur \u00ed eftirspurn en einnig aukinn kostna\u00f0ur.<\/p>\n<p>Sj\u00e1 n\u00e1nar \u00ed fr\u00e9tt <a href=\"https:\/\/www.ft.com\/content\/25fa04ac-1a08-11e8-aaca-4574d7dabfb6\" target=\"_blank\">FT<\/a> og <a href=\"http:\/\/www.climateactionprogramme.org\/news\/fiat-chrysler-to-ditch-diesel-cars-by-2022\" target=\"_blank\">Climate Action<\/a>.<\/p>\n","protected":false},"excerpt":{"rendered":"<p>Financial Times birti n\u00fdlega fr\u00e9tt \u00feess efnis a\u00f0 Fiat-Chrysler hyg\u00f0ist greina s\u00ed\u00f0ar \u00e1 \u00e1rinu fr\u00e1 \u00e1\u00e6tlun um hvernig fyrirt\u00e6ki\u00f0 muni draga \u00far framlei\u00f0slu d\u00edsilb\u00edla \u00ed \u00e1f\u00f6ngum fram til \u00e1rsins 2022. \u00deetta \u00e1 vi\u00f0 mun alla b\u00edla framlei\u00f0andans og tali\u00f0 er &hellip; <a href=\"https:\/\/graenaorkan.is\/?p=1621\">Continue reading <span class=\"meta-nav\">&rarr;<\/span><\/a><\/p>\n","protected":false},"author":5,"featured_media":0,"comment_status":"open","ping_status":"open","sticky":false,"template":"","format":"standard","meta":[],"categories":[3,16,18],"tags":[],"_links":{"self":[{"href":"https:\/\/graenaorkan.is\/index.php?rest_route=\/wp\/v2\/posts\/1621"}],"collection":[{"href":"https:\/\/graenaorkan.is\/index.php?rest_route=\/wp\/v2\/posts"}],"about":[{"href":"https:\/\/graenaorkan.is\/index.php?rest_route=\/wp\/v2\/types\/post"}],"author":[{"embeddable":true,"href":"https:\/\/graenaorkan.is\/index.php?rest_route=\/wp\/v2\/users\/5"}],"replies":[{"embeddable":true,"href":"https:\/\/graenaorkan.is\/index.php?rest_route=%2Fwp%2Fv2%2Fcomments&post=1621"}],"version-history":[{"count":1,"href":"https:\/\/graenaorkan.is\/index.php?rest_route=\/wp\/v2\/posts\/1621\/revisions"}],"predecessor-version":[{"id":1622,"href":"https:\/\/graenaorkan.is\/index.php?rest_route=\/wp\/v2\/posts\/1621\/revisions\/1622"}],"wp:attachment":[{"href":"https:\/\/graenaorkan.is\/index.php?rest_route=%2Fwp%2Fv2%2Fmedia&parent=1621"}],"wp:term":[{"taxonomy":"category","embeddable":true,"href":"https:\/\/graenaorkan.is\/index.php?rest_route=%2Fwp%2Fv2%2Fcategories&post=1621"},{"taxonomy":"post_tag","embeddable":true,"href":"https:\/\/graenaorkan.is\/index.php?rest_route=%2Fwp%2Fv2%2Ftags&post=1621"}],"curies":[{"name":"wp","href":"https:\/\/api.w.org\/{rel}","templated":true}]}}