{"id":1623,"date":"2018-03-12T10:40:22","date_gmt":"2018-03-12T10:40:22","guid":{"rendered":"http:\/\/graenaorkan.is\/?p=1623"},"modified":"2018-03-12T10:40:22","modified_gmt":"2018-03-12T10:40:22","slug":"oskad-eftir-tilnefningum-til-kudungsins-2017","status":"publish","type":"post","link":"https:\/\/graenaorkan.is\/?p=1623","title":{"rendered":"\u00d3ska\u00f0 eftir tilnefningum til Ku\u00f0ungsins 2017"},"content":{"rendered":"<p>\u00dathlutunarnefnd \u00e1 vegum umhverfis- og au\u00f0lindar\u00e1\u00f0uneytisins \u00f3skar eftir tilnefningum um fyrirt\u00e6ki e\u00f0a stofnanir, sem vegna verka sinna og athafna \u00e1 s\u00ed\u00f0asta \u00e1ri, er \u00feess ver\u00f0ugt a\u00f0 hlj\u00f3ta Ku\u00f0unginn fyrir \u00e1ri\u00f0 2017. Till\u00f6gur skulu berast umhverfis- og au\u00f0lindar\u00e1\u00f0uneytinu eigi s\u00ed\u00f0ar en 25. mars n\u00e6stkomandi.<\/p>\n<p>Sj\u00e1 n\u00e1nar \u00e1 vef <a href=\"https:\/\/www.stjornarradid.is\/efst-a-baugi\/frettir\/stok-frett\/2018\/02\/27\/Oskad-eftir-tilnefningum-til-Kudungsins-2017\/\" target=\"_blank\">Stj\u00f3rnarr\u00e1\u00f0sins<\/a>.<\/p>\n<p><a href=\"https:\/\/graenaorkan.is\/wp-content\/uploads\/2018\/03\/Ku\u00f0ungurinn-20161.jpg\"><img decoding=\"async\" loading=\"lazy\" class=\"aligncenter size-medium wp-image-1625\" title=\"Ku\u00f0ungurinn 2016\" src=\"https:\/\/graenaorkan.is\/wp-content\/uploads\/2018\/03\/Ku\u00f0ungurinn-20161-300x182.jpg\" alt=\"\" width=\"300\" height=\"182\" srcset=\"https:\/\/graenaorkan.is\/wp-content\/uploads\/2018\/03\/Ku\u00f0ungurinn-20161-300x182.jpg 300w, https:\/\/graenaorkan.is\/wp-content\/uploads\/2018\/03\/Ku\u00f0ungurinn-20161-1024x624.jpg 1024w, https:\/\/graenaorkan.is\/wp-content\/uploads\/2018\/03\/Ku\u00f0ungurinn-20161-328x200.jpg 328w, https:\/\/graenaorkan.is\/wp-content\/uploads\/2018\/03\/Ku\u00f0ungurinn-20161-492x300.jpg 492w, https:\/\/graenaorkan.is\/wp-content\/uploads\/2018\/03\/Ku\u00f0ungurinn-20161.jpg 1168w\" sizes=\"(max-width: 300px) 100vw, 300px\" \/><\/a><\/p>\n","protected":false},"excerpt":{"rendered":"<p>\u00dathlutunarnefnd \u00e1 vegum umhverfis- og au\u00f0lindar\u00e1\u00f0uneytisins \u00f3skar eftir tilnefningum um fyrirt\u00e6ki e\u00f0a stofnanir, sem vegna verka sinna og athafna \u00e1 s\u00ed\u00f0asta \u00e1ri, er \u00feess ver\u00f0ugt a\u00f0 hlj\u00f3ta Ku\u00f0unginn fyrir \u00e1ri\u00f0 2017. Till\u00f6gur skulu berast umhverfis- og au\u00f0lindar\u00e1\u00f0uneytinu eigi s\u00ed\u00f0ar en &hellip; <a href=\"https:\/\/graenaorkan.is\/?p=1623\">Continue reading <span class=\"meta-nav\">&rarr;<\/span><\/a><\/p>\n","protected":false},"author":5,"featured_media":0,"comment_status":"open","ping_status":"open","sticky":false,"template":"","format":"standard","meta":[],"categories":[5,21],"tags":[],"_links":{"self":[{"href":"https:\/\/graenaorkan.is\/index.php?rest_route=\/wp\/v2\/posts\/1623"}],"collection":[{"href":"https:\/\/graenaorkan.is\/index.php?rest_route=\/wp\/v2\/posts"}],"about":[{"href":"https:\/\/graenaorkan.is\/index.php?rest_route=\/wp\/v2\/types\/post"}],"author":[{"embeddable":true,"href":"https:\/\/graenaorkan.is\/index.php?rest_route=\/wp\/v2\/users\/5"}],"replies":[{"embeddable":true,"href":"https:\/\/graenaorkan.is\/index.php?rest_route=%2Fwp%2Fv2%2Fcomments&post=1623"}],"version-history":[{"count":1,"href":"https:\/\/graenaorkan.is\/index.php?rest_route=\/wp\/v2\/posts\/1623\/revisions"}],"predecessor-version":[{"id":1626,"href":"https:\/\/graenaorkan.is\/index.php?rest_route=\/wp\/v2\/posts\/1623\/revisions\/1626"}],"wp:attachment":[{"href":"https:\/\/graenaorkan.is\/index.php?rest_route=%2Fwp%2Fv2%2Fmedia&parent=1623"}],"wp:term":[{"taxonomy":"category","embeddable":true,"href":"https:\/\/graenaorkan.is\/index.php?rest_route=%2Fwp%2Fv2%2Fcategories&post=1623"},{"taxonomy":"post_tag","embeddable":true,"href":"https:\/\/graenaorkan.is\/index.php?rest_route=%2Fwp%2Fv2%2Ftags&post=1623"}],"curies":[{"name":"wp","href":"https:\/\/api.w.org\/{rel}","templated":true}]}}