{"id":1659,"date":"2018-04-17T08:28:59","date_gmt":"2018-04-17T08:28:59","guid":{"rendered":"http:\/\/graenaorkan.is\/?p=1659"},"modified":"2018-04-17T08:28:59","modified_gmt":"2018-04-17T08:28:59","slug":"samningur-undirritadur-um-gerd-adgerdaaaetlunar-um-orkuskipti-i-islenskum-hofnum","status":"publish","type":"post","link":"https:\/\/graenaorkan.is\/?p=1659","title":{"rendered":"Samningur undirrita\u00f0ur um ger\u00f0 a\u00f0ger\u00f0a\u00e1\u00e6tlunar um orkuskipti \u00ed \u00edslenskum h\u00f6fnum"},"content":{"rendered":"<p>M\u00f3tun markvissrar a\u00f0ger\u00f0a\u00e1\u00e6tlunar um orkuskipti \u00ed \u00edslenskum h\u00f6fnum me\u00f0 uppbyggingu rafinnvi\u00f0a fyrir skip og annarrar haftengdrar starfsemi eru kjarninn \u00ed samningi sem \u00de\u00f3rd\u00eds Kolbr\u00fan R. Gylfad\u00f3ttir, fer\u00f0am\u00e1la, i\u00f0na\u00f0ar- og n\u00fdsk\u00f6punarr\u00e1\u00f0herra undirrita\u00f0i \u00ed li\u00f0inni viku vi\u00f0 \u00cdslenska N\u00fdorku og Hafi\u00f0-\u00d6ndvegissetur. Ni\u00f0urst\u00f6\u00f0um ver\u00f0ur skila\u00f0 fyrir \u00e1rslok.<\/p>\n<p>Sj\u00e1 n\u00e1nar \u00ed <a href=\"https:\/\/www.stjornarradid.is\/efst-a-baugi\/frettir\/stok-frett\/2018\/04\/13\/Orkuskipti-i-islenskum-hofnum\/\">fr\u00e9tt<\/a> fr\u00e1 Stj\u00f3rnarr\u00e1\u00f0inu.<\/p>\n<p><a href=\"https:\/\/graenaorkan.is\/wp-content\/uploads\/2018\/04\/Orkuskipti-\u00ed-h\u00f6fnum-samningur-13.4.2018.jpg\"><img decoding=\"async\" loading=\"lazy\" class=\"aligncenter size-medium wp-image-1660\" src=\"https:\/\/graenaorkan.is\/wp-content\/uploads\/2018\/04\/Orkuskipti-\u00ed-h\u00f6fnum-samningur-13.4.2018-300x223.jpg\" alt=\"\" width=\"300\" height=\"223\" srcset=\"https:\/\/graenaorkan.is\/wp-content\/uploads\/2018\/04\/Orkuskipti-\u00ed-h\u00f6fnum-samningur-13.4.2018-300x223.jpg 300w, https:\/\/graenaorkan.is\/wp-content\/uploads\/2018\/04\/Orkuskipti-\u00ed-h\u00f6fnum-samningur-13.4.2018-768x571.jpg 768w, https:\/\/graenaorkan.is\/wp-content\/uploads\/2018\/04\/Orkuskipti-\u00ed-h\u00f6fnum-samningur-13.4.2018-1024x761.jpg 1024w, https:\/\/graenaorkan.is\/wp-content\/uploads\/2018\/04\/Orkuskipti-\u00ed-h\u00f6fnum-samningur-13.4.2018-269x200.jpg 269w, https:\/\/graenaorkan.is\/wp-content\/uploads\/2018\/04\/Orkuskipti-\u00ed-h\u00f6fnum-samningur-13.4.2018-404x300.jpg 404w, https:\/\/graenaorkan.is\/wp-content\/uploads\/2018\/04\/Orkuskipti-\u00ed-h\u00f6fnum-samningur-13.4.2018.jpg 1920w\" sizes=\"(max-width: 300px) 100vw, 300px\" \/><\/a><\/p>\n","protected":false},"excerpt":{"rendered":"<p>M\u00f3tun markvissrar a\u00f0ger\u00f0a\u00e1\u00e6tlunar um orkuskipti \u00ed \u00edslenskum h\u00f6fnum me\u00f0 uppbyggingu rafinnvi\u00f0a fyrir skip og annarrar haftengdrar starfsemi eru kjarninn \u00ed samningi sem \u00de\u00f3rd\u00eds Kolbr\u00fan R. Gylfad\u00f3ttir, fer\u00f0am\u00e1la, i\u00f0na\u00f0ar- og n\u00fdsk\u00f6punarr\u00e1\u00f0herra undirrita\u00f0i \u00ed li\u00f0inni viku vi\u00f0 \u00cdslenska N\u00fdorku og Hafi\u00f0-\u00d6ndvegissetur. Ni\u00f0urst\u00f6\u00f0um &hellip; <a href=\"https:\/\/graenaorkan.is\/?p=1659\">Continue reading <span class=\"meta-nav\">&rarr;<\/span><\/a><\/p>\n","protected":false},"author":5,"featured_media":0,"comment_status":"open","ping_status":"open","sticky":false,"template":"","format":"standard","meta":[],"categories":[23,17,20,4,21],"tags":[],"_links":{"self":[{"href":"https:\/\/graenaorkan.is\/index.php?rest_route=\/wp\/v2\/posts\/1659"}],"collection":[{"href":"https:\/\/graenaorkan.is\/index.php?rest_route=\/wp\/v2\/posts"}],"about":[{"href":"https:\/\/graenaorkan.is\/index.php?rest_route=\/wp\/v2\/types\/post"}],"author":[{"embeddable":true,"href":"https:\/\/graenaorkan.is\/index.php?rest_route=\/wp\/v2\/users\/5"}],"replies":[{"embeddable":true,"href":"https:\/\/graenaorkan.is\/index.php?rest_route=%2Fwp%2Fv2%2Fcomments&post=1659"}],"version-history":[{"count":1,"href":"https:\/\/graenaorkan.is\/index.php?rest_route=\/wp\/v2\/posts\/1659\/revisions"}],"predecessor-version":[{"id":1661,"href":"https:\/\/graenaorkan.is\/index.php?rest_route=\/wp\/v2\/posts\/1659\/revisions\/1661"}],"wp:attachment":[{"href":"https:\/\/graenaorkan.is\/index.php?rest_route=%2Fwp%2Fv2%2Fmedia&parent=1659"}],"wp:term":[{"taxonomy":"category","embeddable":true,"href":"https:\/\/graenaorkan.is\/index.php?rest_route=%2Fwp%2Fv2%2Fcategories&post=1659"},{"taxonomy":"post_tag","embeddable":true,"href":"https:\/\/graenaorkan.is\/index.php?rest_route=%2Fwp%2Fv2%2Ftags&post=1659"}],"curies":[{"name":"wp","href":"https:\/\/api.w.org\/{rel}","templated":true}]}}