{"id":1675,"date":"2018-05-04T13:23:05","date_gmt":"2018-05-04T13:23:05","guid":{"rendered":"http:\/\/graenaorkan.is\/?p=1675"},"modified":"2018-05-04T13:23:05","modified_gmt":"2018-05-04T13:23:05","slug":"ny-stjorn-graenu-orkunnar-2018-9","status":"publish","type":"post","link":"https:\/\/graenaorkan.is\/?p=1675","title":{"rendered":"N\u00fd stj\u00f3rn Gr\u00e6nu orkunnar 2018-9"},"content":{"rendered":"<p>N\u00fdir stj\u00f3rnarmenn Gr\u00e6nu orkunnar, sem kosnir voru \u00e1 a\u00f0alfundi f\u00e9lagsins 10. apr\u00edl s\u00ed\u00f0astli\u00f0inn, t\u00f3ku til starfa \u00ed dag. \u00dea\u00f0 eru \u00feau Au\u00f0ur Nanna Baldvinsd\u00f3ttir, Landsvirkjun, sem jafnframt ver\u00f0ur forma\u00f0ur stj\u00f3rnar, Gunnar Valur Sveinsson, Samt\u00f6kum fer\u00f0a\u00fej\u00f3nustunnar og Sigur\u00f0ur \u00c1stgeirsson, \u00cdsorku. Fyrir sitja \u00c1sta \u00deorleifsd\u00f3ttir, Samg\u00f6ngu- og sveitarstj\u00f3rnarr\u00e1\u00f0uneyti, Benedikt S. Benediktsson, Fj\u00e1rm\u00e1la- og efnahagsr\u00e1\u00f0uneyti, Erla Sigr\u00ed\u00f0ur Gestsd\u00f3ttir, Atvinnuvega- og n\u00fdsk\u00f6punarr\u00e1\u00f0uneyti, Helga Bar\u00f0ad\u00f3ttir, Umhverfis- og au\u00f0lindar\u00e1\u00f0uneyti og Gunnar P\u00e1ll Stef\u00e1nsson, Mannviti.<\/p>\n<div id=\"attachment_1676\" style=\"width: 594px\" class=\"wp-caption aligncenter\"><a href=\"https:\/\/graenaorkan.is\/wp-content\/uploads\/2018\/05\/GO-stj\u00f3rn-2018-9.jpeg\"><img aria-describedby=\"caption-attachment-1676\" decoding=\"async\" loading=\"lazy\" class=\"wp-image-1676 size-large\" src=\"https:\/\/graenaorkan.is\/wp-content\/uploads\/2018\/05\/GO-stj\u00f3rn-2018-9-1024x576.jpeg\" alt=\"\" width=\"584\" height=\"329\" srcset=\"https:\/\/graenaorkan.is\/wp-content\/uploads\/2018\/05\/GO-stj\u00f3rn-2018-9-1024x576.jpeg 1024w, https:\/\/graenaorkan.is\/wp-content\/uploads\/2018\/05\/GO-stj\u00f3rn-2018-9-300x169.jpeg 300w, https:\/\/graenaorkan.is\/wp-content\/uploads\/2018\/05\/GO-stj\u00f3rn-2018-9-768x432.jpeg 768w, https:\/\/graenaorkan.is\/wp-content\/uploads\/2018\/05\/GO-stj\u00f3rn-2018-9-355x200.jpeg 355w, https:\/\/graenaorkan.is\/wp-content\/uploads\/2018\/05\/GO-stj\u00f3rn-2018-9-500x281.jpeg 500w\" sizes=\"(max-width: 584px) 100vw, 584px\" \/><\/a><p id=\"caption-attachment-1676\" class=\"wp-caption-text\">Stj\u00f3rn Gr\u00e6nu orkunnar 2018-9 \u00e1samt verkefnisstj\u00f3rn. \u00c1 myndina vantar \u00c1stu \u00deorleifsd\u00f3ttur, Gunnar P\u00e1l Stef\u00e1nsson og Helgu Bar\u00f0ad\u00f3ttur.<\/p><\/div>\n","protected":false},"excerpt":{"rendered":"<p>N\u00fdir stj\u00f3rnarmenn Gr\u00e6nu orkunnar, sem kosnir voru \u00e1 a\u00f0alfundi f\u00e9lagsins 10. apr\u00edl s\u00ed\u00f0astli\u00f0inn, t\u00f3ku til starfa \u00ed dag. \u00dea\u00f0 eru \u00feau Au\u00f0ur Nanna Baldvinsd\u00f3ttir, Landsvirkjun, sem jafnframt ver\u00f0ur forma\u00f0ur stj\u00f3rnar, Gunnar Valur Sveinsson, Samt\u00f6kum fer\u00f0a\u00fej\u00f3nustunnar og Sigur\u00f0ur \u00c1stgeirsson, \u00cdsorku. Fyrir &hellip; <a href=\"https:\/\/graenaorkan.is\/?p=1675\">Continue reading <span class=\"meta-nav\">&rarr;<\/span><\/a><\/p>\n","protected":false},"author":5,"featured_media":0,"comment_status":"open","ping_status":"open","sticky":false,"template":"","format":"standard","meta":[],"categories":[5,21],"tags":[],"_links":{"self":[{"href":"https:\/\/graenaorkan.is\/index.php?rest_route=\/wp\/v2\/posts\/1675"}],"collection":[{"href":"https:\/\/graenaorkan.is\/index.php?rest_route=\/wp\/v2\/posts"}],"about":[{"href":"https:\/\/graenaorkan.is\/index.php?rest_route=\/wp\/v2\/types\/post"}],"author":[{"embeddable":true,"href":"https:\/\/graenaorkan.is\/index.php?rest_route=\/wp\/v2\/users\/5"}],"replies":[{"embeddable":true,"href":"https:\/\/graenaorkan.is\/index.php?rest_route=%2Fwp%2Fv2%2Fcomments&post=1675"}],"version-history":[{"count":1,"href":"https:\/\/graenaorkan.is\/index.php?rest_route=\/wp\/v2\/posts\/1675\/revisions"}],"predecessor-version":[{"id":1677,"href":"https:\/\/graenaorkan.is\/index.php?rest_route=\/wp\/v2\/posts\/1675\/revisions\/1677"}],"wp:attachment":[{"href":"https:\/\/graenaorkan.is\/index.php?rest_route=%2Fwp%2Fv2%2Fmedia&parent=1675"}],"wp:term":[{"taxonomy":"category","embeddable":true,"href":"https:\/\/graenaorkan.is\/index.php?rest_route=%2Fwp%2Fv2%2Fcategories&post=1675"},{"taxonomy":"post_tag","embeddable":true,"href":"https:\/\/graenaorkan.is\/index.php?rest_route=%2Fwp%2Fv2%2Ftags&post=1675"}],"curies":[{"name":"wp","href":"https:\/\/api.w.org\/{rel}","templated":true}]}}