{"id":1678,"date":"2018-05-08T09:04:13","date_gmt":"2018-05-08T09:04:13","guid":{"rendered":"http:\/\/graenaorkan.is\/?p=1678"},"modified":"2018-05-08T09:04:13","modified_gmt":"2018-05-08T09:04:13","slug":"er-kolefnisgjald-timaskekkja","status":"publish","type":"post","link":"https:\/\/graenaorkan.is\/?p=1678","title":{"rendered":"Er kolefnisgjald t\u00edmaskekkja?"},"content":{"rendered":"<div class=\"\" data-block=\"true\" data-editor=\"fstvl\" data-offset-key=\"ecsh1-0-0\">\n<div class=\"_1mf _1mj\" data-offset-key=\"ecsh1-0-0\"><span data-offset-key=\"ecsh1-0-0\">Er kolefnisgjald t\u00edmaskekkja? J\u00f3n \u00d3lafur Halld\u00f3rsson, forstj\u00f3ri Ol\u00eds segir eftirfarandi \u00ed grein sinni \u00ed Vi\u00f0skiptabla\u00f0inu:<\/span><\/div>\n<\/div>\n<div class=\"\" data-block=\"true\" data-editor=\"fstvl\" data-offset-key=\"fgc2e-0-0\">\n<blockquote>\n<div class=\"_1mf _1mj\" data-offset-key=\"fgc2e-0-0\"><span data-offset-key=\"fgc2e-0-0\">Hvatning til orkuskipta er g\u00f3\u00f0ra gjalda ver\u00f0 en h\u00fan ver\u00f0ur a\u00f0 vera \u00ed takti vi\u00f0 raunveruleikann. Orkuskipti fyrir sj\u00e1var\u00fatvegsfyrirt\u00e6ki, \u00fdmsan i\u00f0na\u00f0 og atvinnut\u00e6ki er ekki raunh\u00e6fur kostur sem stendur. Rafv\u00e6\u00f0ing almennra \u00f6kut\u00e6kja er heldur ekki raunh\u00e6fur kostur \u00ed dag \u00fear sem b\u00e6\u00f0i t\u00e6knin og innvi\u00f0auppbygging er of skammt \u00e1 veg komin.<\/span><\/div>\n<\/blockquote>\n<div data-offset-key=\"fgc2e-0-0\">Sj\u00e1 greinina \u00ed heild sinni <a href=\"http:\/\/www.vb.is\/skodun\/stefnulaus-kolefnisskattur\/146873\/\">h\u00e9r<\/a>.<\/div>\n<\/div>\n","protected":false},"excerpt":{"rendered":"<p>Er kolefnisgjald t\u00edmaskekkja? J\u00f3n \u00d3lafur Halld\u00f3rsson, forstj\u00f3ri Ol\u00eds segir eftirfarandi \u00ed grein sinni \u00ed Vi\u00f0skiptabla\u00f0inu: Hvatning til orkuskipta er g\u00f3\u00f0ra gjalda ver\u00f0 en h\u00fan ver\u00f0ur a\u00f0 vera \u00ed takti vi\u00f0 raunveruleikann. Orkuskipti fyrir sj\u00e1var\u00fatvegsfyrirt\u00e6ki, \u00fdmsan i\u00f0na\u00f0 og atvinnut\u00e6ki er ekki &hellip; <a href=\"https:\/\/graenaorkan.is\/?p=1678\">Continue reading <span class=\"meta-nav\">&rarr;<\/span><\/a><\/p>\n","protected":false},"author":5,"featured_media":0,"comment_status":"open","ping_status":"open","sticky":false,"template":"","format":"standard","meta":[],"categories":[15,16,24,21],"tags":[],"_links":{"self":[{"href":"https:\/\/graenaorkan.is\/index.php?rest_route=\/wp\/v2\/posts\/1678"}],"collection":[{"href":"https:\/\/graenaorkan.is\/index.php?rest_route=\/wp\/v2\/posts"}],"about":[{"href":"https:\/\/graenaorkan.is\/index.php?rest_route=\/wp\/v2\/types\/post"}],"author":[{"embeddable":true,"href":"https:\/\/graenaorkan.is\/index.php?rest_route=\/wp\/v2\/users\/5"}],"replies":[{"embeddable":true,"href":"https:\/\/graenaorkan.is\/index.php?rest_route=%2Fwp%2Fv2%2Fcomments&post=1678"}],"version-history":[{"count":1,"href":"https:\/\/graenaorkan.is\/index.php?rest_route=\/wp\/v2\/posts\/1678\/revisions"}],"predecessor-version":[{"id":1679,"href":"https:\/\/graenaorkan.is\/index.php?rest_route=\/wp\/v2\/posts\/1678\/revisions\/1679"}],"wp:attachment":[{"href":"https:\/\/graenaorkan.is\/index.php?rest_route=%2Fwp%2Fv2%2Fmedia&parent=1678"}],"wp:term":[{"taxonomy":"category","embeddable":true,"href":"https:\/\/graenaorkan.is\/index.php?rest_route=%2Fwp%2Fv2%2Fcategories&post=1678"},{"taxonomy":"post_tag","embeddable":true,"href":"https:\/\/graenaorkan.is\/index.php?rest_route=%2Fwp%2Fv2%2Ftags&post=1678"}],"curies":[{"name":"wp","href":"https:\/\/api.w.org\/{rel}","templated":true}]}}