{"id":1715,"date":"2018-06-20T15:44:31","date_gmt":"2018-06-20T15:44:31","guid":{"rendered":"http:\/\/graenaorkan.is\/?p=1715"},"modified":"2018-06-20T15:44:31","modified_gmt":"2018-06-20T15:44:31","slug":"making-marine-applications-greener-2018","status":"publish","type":"post","link":"https:\/\/graenaorkan.is\/?p=1715","title":{"rendered":"Making Marine Applications Greener 2018"},"content":{"rendered":"<p>Gr\u00e6na orkan vekur athygli \u00e1 r\u00e1\u00f0stefnunni\u00a0<em>Making Marine Applications Greener<\/em> sem haldin ver\u00f0ur \u00e1 Grand H\u00f3tel Reykjav\u00edk dagana 10 og 11. okt\u00f3ber n\u00e6stkomandi. Dagskr\u00e1in skartar fj\u00f6lda \u00e1hugver\u00f0ra fyrirlestra, me\u00f0al annars fr\u00e1 fulltr\u00faum\u00a0MAN, Navis, NOx Fund \u00ed Noregi, PSW, W\u00e4rtsila og Waterfront Shipping auk margra annarra.<\/p>\n<p>Skr\u00e1ning er hafin og frekari uppl\u00fdsingar m\u00e1 finna <a href=\"https:\/\/www.altenergy.info\/#welcome-mmag\">h\u00e9r<\/a>.<a href=\"https:\/\/graenaorkan.is\/wp-content\/uploads\/2018\/06\/Bo\u00f0skort-IS-MMAG-18-Oct-10-11.png\"><img decoding=\"async\" loading=\"lazy\" class=\"aligncenter wp-image-1716 size-large\" src=\"https:\/\/graenaorkan.is\/wp-content\/uploads\/2018\/06\/Bo\u00f0skort-IS-MMAG-18-Oct-10-11-1024x709.png\" alt=\"\" width=\"584\" height=\"404\" srcset=\"https:\/\/graenaorkan.is\/wp-content\/uploads\/2018\/06\/Bo\u00f0skort-IS-MMAG-18-Oct-10-11-1024x709.png 1024w, https:\/\/graenaorkan.is\/wp-content\/uploads\/2018\/06\/Bo\u00f0skort-IS-MMAG-18-Oct-10-11-300x208.png 300w, https:\/\/graenaorkan.is\/wp-content\/uploads\/2018\/06\/Bo\u00f0skort-IS-MMAG-18-Oct-10-11-768x532.png 768w, https:\/\/graenaorkan.is\/wp-content\/uploads\/2018\/06\/Bo\u00f0skort-IS-MMAG-18-Oct-10-11-289x200.png 289w, https:\/\/graenaorkan.is\/wp-content\/uploads\/2018\/06\/Bo\u00f0skort-IS-MMAG-18-Oct-10-11-433x300.png 433w, https:\/\/graenaorkan.is\/wp-content\/uploads\/2018\/06\/Bo\u00f0skort-IS-MMAG-18-Oct-10-11.png 1040w\" sizes=\"(max-width: 584px) 100vw, 584px\" \/><\/a><\/p>\n","protected":false},"excerpt":{"rendered":"<p>Gr\u00e6na orkan vekur athygli \u00e1 r\u00e1\u00f0stefnunni\u00a0Making Marine Applications Greener sem haldin ver\u00f0ur \u00e1 Grand H\u00f3tel Reykjav\u00edk dagana 10 og 11. okt\u00f3ber n\u00e6stkomandi. Dagskr\u00e1in skartar fj\u00f6lda \u00e1hugver\u00f0ra fyrirlestra, me\u00f0al annars fr\u00e1 fulltr\u00faum\u00a0MAN, Navis, NOx Fund \u00ed Noregi, PSW, W\u00e4rtsila og Waterfront &hellip; <a href=\"https:\/\/graenaorkan.is\/?p=1715\">Continue reading <span class=\"meta-nav\">&rarr;<\/span><\/a><\/p>\n","protected":false},"author":5,"featured_media":0,"comment_status":"closed","ping_status":"closed","sticky":false,"template":"","format":"standard","meta":[],"categories":[23,5],"tags":[],"_links":{"self":[{"href":"https:\/\/graenaorkan.is\/index.php?rest_route=\/wp\/v2\/posts\/1715"}],"collection":[{"href":"https:\/\/graenaorkan.is\/index.php?rest_route=\/wp\/v2\/posts"}],"about":[{"href":"https:\/\/graenaorkan.is\/index.php?rest_route=\/wp\/v2\/types\/post"}],"author":[{"embeddable":true,"href":"https:\/\/graenaorkan.is\/index.php?rest_route=\/wp\/v2\/users\/5"}],"replies":[{"embeddable":true,"href":"https:\/\/graenaorkan.is\/index.php?rest_route=%2Fwp%2Fv2%2Fcomments&post=1715"}],"version-history":[{"count":1,"href":"https:\/\/graenaorkan.is\/index.php?rest_route=\/wp\/v2\/posts\/1715\/revisions"}],"predecessor-version":[{"id":1717,"href":"https:\/\/graenaorkan.is\/index.php?rest_route=\/wp\/v2\/posts\/1715\/revisions\/1717"}],"wp:attachment":[{"href":"https:\/\/graenaorkan.is\/index.php?rest_route=%2Fwp%2Fv2%2Fmedia&parent=1715"}],"wp:term":[{"taxonomy":"category","embeddable":true,"href":"https:\/\/graenaorkan.is\/index.php?rest_route=%2Fwp%2Fv2%2Fcategories&post=1715"},{"taxonomy":"post_tag","embeddable":true,"href":"https:\/\/graenaorkan.is\/index.php?rest_route=%2Fwp%2Fv2%2Ftags&post=1715"}],"curies":[{"name":"wp","href":"https:\/\/api.w.org\/{rel}","templated":true}]}}