{"id":1718,"date":"2018-06-21T11:57:29","date_gmt":"2018-06-21T11:57:29","guid":{"rendered":"http:\/\/graenaorkan.is\/?p=1718"},"modified":"2018-06-21T11:57:29","modified_gmt":"2018-06-21T11:57:29","slug":"samstarf-audi-og-hyundai-um-throun-vetnisbifreida","status":"publish","type":"post","link":"https:\/\/graenaorkan.is\/?p=1718","title":{"rendered":"Samstarf Audi og Hyundai um \u00fer\u00f3un vetnisbifrei\u00f0a"},"content":{"rendered":"<p>Audi og Hyundai undirritu\u00f0u n\u00fdveri\u00f0 samkomulag um samstarf um \u00fer\u00f3un vetnist\u00e6kninnar fyrir bifrei\u00f0ar. Me\u00f0 \u00feessu binda Hyundai menn m.a. vonir vi\u00f0 a\u00f0 auka s\u00f6lu vetnisb\u00edla og draga \u00far kostna\u00f0i og gera t\u00e6knina samkeppnish\u00e6fa \u00e1 marka\u00f0i.<\/p>\n<p>Sj\u00e1 n\u00e1nar \u00ed fr\u00e9tt <a href=\"https:\/\/af.reuters.com\/article\/commoditiesNews\/idAFL8N1TF2XB\">Reuters<\/a> og <a href=\"https:\/\/www.greencarreports.com\/news\/1117319_audi-teams-up-with-hyundai-to-build-fuel-cell-vehicles\">Green Car Reports<\/a>.<\/p>\n","protected":false},"excerpt":{"rendered":"<p>Audi og Hyundai undirritu\u00f0u n\u00fdveri\u00f0 samkomulag um samstarf um \u00fer\u00f3un vetnist\u00e6kninnar fyrir bifrei\u00f0ar. Me\u00f0 \u00feessu binda Hyundai menn m.a. vonir vi\u00f0 a\u00f0 auka s\u00f6lu vetnisb\u00edla og draga \u00far kostna\u00f0i og gera t\u00e6knina samkeppnish\u00e6fa \u00e1 marka\u00f0i. Sj\u00e1 n\u00e1nar \u00ed fr\u00e9tt Reuters &hellip; <a href=\"https:\/\/graenaorkan.is\/?p=1718\">Continue reading <span class=\"meta-nav\">&rarr;<\/span><\/a><\/p>\n","protected":false},"author":5,"featured_media":0,"comment_status":"closed","ping_status":"closed","sticky":false,"template":"","format":"standard","meta":[],"categories":[3,11],"tags":[],"_links":{"self":[{"href":"https:\/\/graenaorkan.is\/index.php?rest_route=\/wp\/v2\/posts\/1718"}],"collection":[{"href":"https:\/\/graenaorkan.is\/index.php?rest_route=\/wp\/v2\/posts"}],"about":[{"href":"https:\/\/graenaorkan.is\/index.php?rest_route=\/wp\/v2\/types\/post"}],"author":[{"embeddable":true,"href":"https:\/\/graenaorkan.is\/index.php?rest_route=\/wp\/v2\/users\/5"}],"replies":[{"embeddable":true,"href":"https:\/\/graenaorkan.is\/index.php?rest_route=%2Fwp%2Fv2%2Fcomments&post=1718"}],"version-history":[{"count":1,"href":"https:\/\/graenaorkan.is\/index.php?rest_route=\/wp\/v2\/posts\/1718\/revisions"}],"predecessor-version":[{"id":1719,"href":"https:\/\/graenaorkan.is\/index.php?rest_route=\/wp\/v2\/posts\/1718\/revisions\/1719"}],"wp:attachment":[{"href":"https:\/\/graenaorkan.is\/index.php?rest_route=%2Fwp%2Fv2%2Fmedia&parent=1718"}],"wp:term":[{"taxonomy":"category","embeddable":true,"href":"https:\/\/graenaorkan.is\/index.php?rest_route=%2Fwp%2Fv2%2Fcategories&post=1718"},{"taxonomy":"post_tag","embeddable":true,"href":"https:\/\/graenaorkan.is\/index.php?rest_route=%2Fwp%2Fv2%2Ftags&post=1718"}],"curies":[{"name":"wp","href":"https:\/\/api.w.org\/{rel}","templated":true}]}}