{"id":1720,"date":"2018-06-28T09:12:44","date_gmt":"2018-06-28T09:12:44","guid":{"rendered":"http:\/\/graenaorkan.is\/?p=1720"},"modified":"2018-06-28T09:12:44","modified_gmt":"2018-06-28T09:12:44","slug":"icao-stigur-skref-i-att-ad-kolefnishlutleysi","status":"publish","type":"post","link":"https:\/\/graenaorkan.is\/?p=1720","title":{"rendered":"ICAO st\u00edgur skref \u00ed \u00e1tt a\u00f0 kolefnishlutleysi"},"content":{"rendered":"<p>N\u00fa hefur ICAO, al\u00fej\u00f3\u00f0a flugm\u00e1lastofnunin sam\u00feykkt sta\u00f0la sem gera eiga flugf\u00e9l\u00f6gum kleift og skylt a\u00f0 safna og skila g\u00f6gnum um eldsneytisnotkun og CO2 \u00fatstreymi. Me\u00f0 \u00feessu er gr\u00ed\u00f0arlega mikilv\u00e6gt skref stigi\u00f0 \u00ed \u00e1tt a\u00f0 samdr\u00e6tti \u00ed notkun jar\u00f0efnaeldsneytis \u00ed flugi\u00f0na\u00f0i.<\/p>\n<p>\u00deetta kemur fram \u00ed fr\u00e9tt <a href=\"http:\/\/www.climateactionprogramme.org\/news\/aviation-industry-takes-important-step-towards-reducing-emissions\">Climate Action Programme<\/a>.<\/p>\n","protected":false},"excerpt":{"rendered":"<p>N\u00fa hefur ICAO, al\u00fej\u00f3\u00f0a flugm\u00e1lastofnunin sam\u00feykkt sta\u00f0la sem gera eiga flugf\u00e9l\u00f6gum kleift og skylt a\u00f0 safna og skila g\u00f6gnum um eldsneytisnotkun og CO2 \u00fatstreymi. Me\u00f0 \u00feessu er gr\u00ed\u00f0arlega mikilv\u00e6gt skref stigi\u00f0 \u00ed \u00e1tt a\u00f0 samdr\u00e6tti \u00ed notkun jar\u00f0efnaeldsneytis \u00ed flugi\u00f0na\u00f0i. &hellip; <a href=\"https:\/\/graenaorkan.is\/?p=1720\">Continue reading <span class=\"meta-nav\">&rarr;<\/span><\/a><\/p>\n","protected":false},"author":5,"featured_media":0,"comment_status":"closed","ping_status":"closed","sticky":false,"template":"","format":"standard","meta":[],"categories":[26,24,18],"tags":[],"_links":{"self":[{"href":"https:\/\/graenaorkan.is\/index.php?rest_route=\/wp\/v2\/posts\/1720"}],"collection":[{"href":"https:\/\/graenaorkan.is\/index.php?rest_route=\/wp\/v2\/posts"}],"about":[{"href":"https:\/\/graenaorkan.is\/index.php?rest_route=\/wp\/v2\/types\/post"}],"author":[{"embeddable":true,"href":"https:\/\/graenaorkan.is\/index.php?rest_route=\/wp\/v2\/users\/5"}],"replies":[{"embeddable":true,"href":"https:\/\/graenaorkan.is\/index.php?rest_route=%2Fwp%2Fv2%2Fcomments&post=1720"}],"version-history":[{"count":1,"href":"https:\/\/graenaorkan.is\/index.php?rest_route=\/wp\/v2\/posts\/1720\/revisions"}],"predecessor-version":[{"id":1721,"href":"https:\/\/graenaorkan.is\/index.php?rest_route=\/wp\/v2\/posts\/1720\/revisions\/1721"}],"wp:attachment":[{"href":"https:\/\/graenaorkan.is\/index.php?rest_route=%2Fwp%2Fv2%2Fmedia&parent=1720"}],"wp:term":[{"taxonomy":"category","embeddable":true,"href":"https:\/\/graenaorkan.is\/index.php?rest_route=%2Fwp%2Fv2%2Fcategories&post=1720"},{"taxonomy":"post_tag","embeddable":true,"href":"https:\/\/graenaorkan.is\/index.php?rest_route=%2Fwp%2Fv2%2Ftags&post=1720"}],"curies":[{"name":"wp","href":"https:\/\/api.w.org\/{rel}","templated":true}]}}