{"id":1741,"date":"2018-08-27T13:22:08","date_gmt":"2018-08-27T13:22:08","guid":{"rendered":"http:\/\/graenaorkan.is\/?p=1741"},"modified":"2018-08-27T13:22:08","modified_gmt":"2018-08-27T13:22:08","slug":"cri-hlaut-umhverfisverdlaunin-energy-globe-awards","status":"publish","type":"post","link":"https:\/\/graenaorkan.is\/?p=1741","title":{"rendered":"CRI hlaut umhverfisver\u00f0launin Energy Globe Awards"},"content":{"rendered":"<p>\u00cdslenska h\u00e1t\u00e6knifyrirt\u00e6ki\u00f0 Carbon Recycling International (CRI) hlaut n\u00fdveri\u00f0 ver\u00f0launin Energy Globe Awards fyrir n\u00fdsk\u00f6pun \u00ed \u00fe\u00e1gu loftlagsverndar. Ver\u00f0launin eru veitt fyrirt\u00e6kjum og einstaklingum sem skara\u00f0 hafa fram \u00far \u00ed umhverfism\u00e1lum. CRI hlaut ver\u00f0launin fyrir ETL t\u00e6knilausn s\u00edna sem talin er gagnast vi\u00f0 a\u00f0 sporna vi\u00f0 loftslagsbreytingum af mannav\u00f6ldum, minnka losun koltv\u00eds\u00fdrings fr\u00e1 margskonar i\u00f0na\u00f0i og stu\u00f0la a\u00f0 orkuskiptum \u00ed samg\u00f6ngum.<\/p>\n<p>Sj\u00e1 n\u00e1nar \u00ed <a href=\"https:\/\/www.frettabladid.is\/frettir\/cri-hlaut-umhverfisverlaunin-energy-globe-awards\">fr\u00e9ttabla\u00f0inu<\/a>.<\/p>\n","protected":false},"excerpt":{"rendered":"<p>\u00cdslenska h\u00e1t\u00e6knifyrirt\u00e6ki\u00f0 Carbon Recycling International (CRI) hlaut n\u00fdveri\u00f0 ver\u00f0launin Energy Globe Awards fyrir n\u00fdsk\u00f6pun \u00ed \u00fe\u00e1gu loftlagsverndar. Ver\u00f0launin eru veitt fyrirt\u00e6kjum og einstaklingum sem skara\u00f0 hafa fram \u00far \u00ed umhverfism\u00e1lum. CRI hlaut ver\u00f0launin fyrir ETL t\u00e6knilausn s\u00edna sem talin er &hellip; <a href=\"https:\/\/graenaorkan.is\/?p=1741\">Continue reading <span class=\"meta-nav\">&rarr;<\/span><\/a><\/p>\n","protected":false},"author":5,"featured_media":0,"comment_status":"closed","ping_status":"closed","sticky":false,"template":"","format":"standard","meta":[],"categories":[24,9,27],"tags":[],"_links":{"self":[{"href":"https:\/\/graenaorkan.is\/index.php?rest_route=\/wp\/v2\/posts\/1741"}],"collection":[{"href":"https:\/\/graenaorkan.is\/index.php?rest_route=\/wp\/v2\/posts"}],"about":[{"href":"https:\/\/graenaorkan.is\/index.php?rest_route=\/wp\/v2\/types\/post"}],"author":[{"embeddable":true,"href":"https:\/\/graenaorkan.is\/index.php?rest_route=\/wp\/v2\/users\/5"}],"replies":[{"embeddable":true,"href":"https:\/\/graenaorkan.is\/index.php?rest_route=%2Fwp%2Fv2%2Fcomments&post=1741"}],"version-history":[{"count":1,"href":"https:\/\/graenaorkan.is\/index.php?rest_route=\/wp\/v2\/posts\/1741\/revisions"}],"predecessor-version":[{"id":1742,"href":"https:\/\/graenaorkan.is\/index.php?rest_route=\/wp\/v2\/posts\/1741\/revisions\/1742"}],"wp:attachment":[{"href":"https:\/\/graenaorkan.is\/index.php?rest_route=%2Fwp%2Fv2%2Fmedia&parent=1741"}],"wp:term":[{"taxonomy":"category","embeddable":true,"href":"https:\/\/graenaorkan.is\/index.php?rest_route=%2Fwp%2Fv2%2Fcategories&post=1741"},{"taxonomy":"post_tag","embeddable":true,"href":"https:\/\/graenaorkan.is\/index.php?rest_route=%2Fwp%2Fv2%2Ftags&post=1741"}],"curies":[{"name":"wp","href":"https:\/\/api.w.org\/{rel}","templated":true}]}}