{"id":1744,"date":"2018-09-06T14:37:18","date_gmt":"2018-09-06T14:37:18","guid":{"rendered":"http:\/\/graenaorkan.is\/?p=1744"},"modified":"2018-09-06T14:37:59","modified_gmt":"2018-09-06T14:37:59","slug":"althjodlegt-meistaramot-rafbila-haldid-i-september","status":"publish","type":"post","link":"https:\/\/graenaorkan.is\/?p=1744","title":{"rendered":"Al\u00fej\u00f3\u00f0legt meistaram\u00f3t rafb\u00edla haldi\u00f0 \u00ed september"},"content":{"rendered":"<p>Aksturs\u00ed\u00fer\u00f3ttasamband \u00cdslands (AK\u00cdS) gekk \u00ed vor fr\u00e1 samningum vi\u00f0 Al\u00fej\u00f3\u00f0a aksturssambandi\u00f0 (FIA) \u00feess efnis a\u00f0 ein umfer\u00f0 \u00ed al\u00fej\u00f3\u00f0legu meistaram\u00f3ti rafb\u00edla FIA \u00ed n\u00e1kv\u00e6mnisakstri, oft kalla\u00f0 eRally (FIA Electric and New Energy Championship), ver\u00f0i haldi\u00f0 \u00e1 \u00cdslandi 21.-22. september n\u00e6stkomandi og n\u00fa fer a\u00f0 l\u00ed\u00f0a a\u00f0 keppni! Samhli\u00f0a keppninni stendur til a\u00f0 halda r\u00e1\u00f0stefnu um hvert stefnir \u00ed orkuskiptum \u00ed samg\u00f6ngum h\u00e9rlendis, hver eru hagr\u00e6n \u00e1hrif \u00feeirra skipta \u00e1 brei\u00f0um grunni, hver eru umhverfis\u00e1hrifin b\u00e6\u00f0i j\u00e1kv\u00e6\u00f0 og neikv\u00e6\u00f0.<\/p>\n<p>Sj\u00e1 n\u00e1nar \u00e1 s\u00ed\u00f0u <a href=\"http:\/\/www.akis.is\/althjodlegt-meistaramot-rafbila-haldid-a-islandi\/\">AK\u00cdS<\/a> og <a href=\"http:\/\/www.erally.is\/velkomin\/\">Erally<\/a>.<\/p>\n<p><img decoding=\"async\" src=\"http:\/\/www.akis.is\/wp-content\/uploads\/2018\/05\/hli%C3%B0-300x155.png\" \/><\/p>\n","protected":false},"excerpt":{"rendered":"<p>Aksturs\u00ed\u00fer\u00f3ttasamband \u00cdslands (AK\u00cdS) gekk \u00ed vor fr\u00e1 samningum vi\u00f0 Al\u00fej\u00f3\u00f0a aksturssambandi\u00f0 (FIA) \u00feess efnis a\u00f0 ein umfer\u00f0 \u00ed al\u00fej\u00f3\u00f0legu meistaram\u00f3ti rafb\u00edla FIA \u00ed n\u00e1kv\u00e6mnisakstri, oft kalla\u00f0 eRally (FIA Electric and New Energy Championship), ver\u00f0i haldi\u00f0 \u00e1 \u00cdslandi 21.-22. september n\u00e6stkomandi &hellip; <a href=\"https:\/\/graenaorkan.is\/?p=1744\">Continue reading <span class=\"meta-nav\">&rarr;<\/span><\/a><\/p>\n","protected":false},"author":5,"featured_media":0,"comment_status":"closed","ping_status":"closed","sticky":false,"template":"","format":"standard","meta":[],"categories":[3,5],"tags":[],"_links":{"self":[{"href":"https:\/\/graenaorkan.is\/index.php?rest_route=\/wp\/v2\/posts\/1744"}],"collection":[{"href":"https:\/\/graenaorkan.is\/index.php?rest_route=\/wp\/v2\/posts"}],"about":[{"href":"https:\/\/graenaorkan.is\/index.php?rest_route=\/wp\/v2\/types\/post"}],"author":[{"embeddable":true,"href":"https:\/\/graenaorkan.is\/index.php?rest_route=\/wp\/v2\/users\/5"}],"replies":[{"embeddable":true,"href":"https:\/\/graenaorkan.is\/index.php?rest_route=%2Fwp%2Fv2%2Fcomments&post=1744"}],"version-history":[{"count":2,"href":"https:\/\/graenaorkan.is\/index.php?rest_route=\/wp\/v2\/posts\/1744\/revisions"}],"predecessor-version":[{"id":1746,"href":"https:\/\/graenaorkan.is\/index.php?rest_route=\/wp\/v2\/posts\/1744\/revisions\/1746"}],"wp:attachment":[{"href":"https:\/\/graenaorkan.is\/index.php?rest_route=%2Fwp%2Fv2%2Fmedia&parent=1744"}],"wp:term":[{"taxonomy":"category","embeddable":true,"href":"https:\/\/graenaorkan.is\/index.php?rest_route=%2Fwp%2Fv2%2Fcategories&post=1744"},{"taxonomy":"post_tag","embeddable":true,"href":"https:\/\/graenaorkan.is\/index.php?rest_route=%2Fwp%2Fv2%2Ftags&post=1744"}],"curies":[{"name":"wp","href":"https:\/\/api.w.org\/{rel}","templated":true}]}}