{"id":1749,"date":"2018-09-10T10:13:05","date_gmt":"2018-09-10T10:13:05","guid":{"rendered":"http:\/\/graenaorkan.is\/?p=1749"},"modified":"2018-09-10T10:31:40","modified_gmt":"2018-09-10T10:31:40","slug":"sidustu-forvod-skraningar-med-afslaetti-a-hfc-nordic","status":"publish","type":"post","link":"https:\/\/graenaorkan.is\/?p=1749","title":{"rendered":"S\u00ed\u00f0ustu forv\u00f6\u00f0 skr\u00e1ningar me\u00f0 afsl\u00e6tti \u00e1 HFC Nordic"},"content":{"rendered":"<p>N\u00fa eru s\u00ed\u00f0ustu forv\u00f6\u00f0 a\u00f0 skr\u00e1 sig me\u00f0 svok\u00f6llu\u00f0um early bird afsl\u00e6tti \u00e1 Norr\u00e6nu vetnisr\u00e1\u00f0stefnuna HFC Nordic sem haldin ver\u00f0ur \u00e1 Grand H\u00f3tel Reykjav\u00edk dagana 9.-10. okt\u00f3ber n\u00e6stkomandi. Skr\u00e1ningargjald h\u00e6kkar eftir 15. september \u00far 18.000 \u00ed 24.000 kr\u00f3nur.<\/p>\n<p>Dagskr\u00e1in hefst \u00e1 heims\u00f3kn \u00ed Hellishei\u00f0arvirkjun \u00fear sem sko\u00f0a\u00f0ur ver\u00f0ur rafgreinir Orku n\u00e1tt\u00farunnar en hann framlei\u00f0ir vetni fyrir vetnisst\u00f6\u00f0var Orkunnar sem opna\u00f0ar voru \u00ed j\u00fan\u00ed s\u00ed\u00f0astli\u00f0num. R\u00e1\u00f0stefnan sj\u00e1lf er fr\u00e1 h\u00e1degi til h\u00e1degis og b\u00fd\u00f0ur me\u00f0al annars upp \u00e1 fyrirlestra fulltr\u00faa Hyundai, Nel Hydrogen, PowerCell, Scania, Thinkstep og Toyota svo f\u00e1einir s\u00e9u nefndir. 6.000 kr\u00f3na afsl\u00e1ttur af r\u00e1\u00f0stefnugj\u00f6ldum er \u00ed bo\u00f0i fyrir \u00fe\u00e1 sem ganga fr\u00e1 skr\u00e1ningu fyrir 15. september. <strong>Skr\u00e1ning fer fram \u00e1 vefs\u00ed\u00f0u r\u00e1\u00f0stefnunnar<\/strong> <a href=\"https:\/\/www.altenergy.info\/#welcome-hfcnordic\">h\u00e9r<\/a>. Uppl\u00fdsingar veitir Anna Margr\u00e9t Kornel\u00edusd\u00f3ttir \u00ed t\u00f6lvup\u00f3sti \u00ed netfangi\u00f0 <a href=\"mailto:amk@newenergy.is\">amk@newenergy.is<\/a> og \u00ed s\u00edma 863-6506.<\/p>\n<div id=\"attachment_1750\" style=\"width: 323px\" class=\"wp-caption aligncenter\"><a href=\"https:\/\/graenaorkan.is\/wp-content\/uploads\/2018\/09\/IS-HFC-dreifbr\u00e9f-\u00e1g\u00fast-2018.png\"><img aria-describedby=\"caption-attachment-1750\" decoding=\"async\" loading=\"lazy\" class=\" wp-image-1750\" src=\"https:\/\/graenaorkan.is\/wp-content\/uploads\/2018\/09\/IS-HFC-dreifbr\u00e9f-\u00e1g\u00fast-2018-225x300.png\" alt=\"\" width=\"313\" height=\"411\" \/><\/a><p id=\"caption-attachment-1750\" class=\"wp-caption-text\">Nordic Hydrogen and Fuel Cells Conference ver\u00f0ur haldin \u00ed Reykjav\u00edk 9.-10 okt\u00f3ber 2018<\/p><\/div>\n","protected":false},"excerpt":{"rendered":"<p>N\u00fa eru s\u00ed\u00f0ustu forv\u00f6\u00f0 a\u00f0 skr\u00e1 sig me\u00f0 svok\u00f6llu\u00f0um early bird afsl\u00e6tti \u00e1 Norr\u00e6nu vetnisr\u00e1\u00f0stefnuna HFC Nordic sem haldin ver\u00f0ur \u00e1 Grand H\u00f3tel Reykjav\u00edk dagana 9.-10. okt\u00f3ber n\u00e6stkomandi. Skr\u00e1ningargjald h\u00e6kkar eftir 15. september \u00far 18.000 \u00ed 24.000 kr\u00f3nur. Dagskr\u00e1in hefst &hellip; <a href=\"https:\/\/graenaorkan.is\/?p=1749\">Continue reading <span class=\"meta-nav\">&rarr;<\/span><\/a><\/p>\n","protected":false},"author":5,"featured_media":0,"comment_status":"closed","ping_status":"closed","sticky":false,"template":"","format":"standard","meta":[],"categories":[5,11],"tags":[],"_links":{"self":[{"href":"https:\/\/graenaorkan.is\/index.php?rest_route=\/wp\/v2\/posts\/1749"}],"collection":[{"href":"https:\/\/graenaorkan.is\/index.php?rest_route=\/wp\/v2\/posts"}],"about":[{"href":"https:\/\/graenaorkan.is\/index.php?rest_route=\/wp\/v2\/types\/post"}],"author":[{"embeddable":true,"href":"https:\/\/graenaorkan.is\/index.php?rest_route=\/wp\/v2\/users\/5"}],"replies":[{"embeddable":true,"href":"https:\/\/graenaorkan.is\/index.php?rest_route=%2Fwp%2Fv2%2Fcomments&post=1749"}],"version-history":[{"count":2,"href":"https:\/\/graenaorkan.is\/index.php?rest_route=\/wp\/v2\/posts\/1749\/revisions"}],"predecessor-version":[{"id":1752,"href":"https:\/\/graenaorkan.is\/index.php?rest_route=\/wp\/v2\/posts\/1749\/revisions\/1752"}],"wp:attachment":[{"href":"https:\/\/graenaorkan.is\/index.php?rest_route=%2Fwp%2Fv2%2Fmedia&parent=1749"}],"wp:term":[{"taxonomy":"category","embeddable":true,"href":"https:\/\/graenaorkan.is\/index.php?rest_route=%2Fwp%2Fv2%2Fcategories&post=1749"},{"taxonomy":"post_tag","embeddable":true,"href":"https:\/\/graenaorkan.is\/index.php?rest_route=%2Fwp%2Fv2%2Ftags&post=1749"}],"curies":[{"name":"wp","href":"https:\/\/api.w.org\/{rel}","templated":true}]}}