{"id":1753,"date":"2018-09-14T09:51:50","date_gmt":"2018-09-14T09:51:50","guid":{"rendered":"http:\/\/graenaorkan.is\/?p=1753"},"modified":"2018-09-12T09:54:24","modified_gmt":"2018-09-12T09:54:24","slug":"snemmskraningu-a-hfc-nordic-lykur-15-september","status":"publish","type":"post","link":"https:\/\/graenaorkan.is\/?p=1753","title":{"rendered":"Snemmskr\u00e1ningu \u00e1 HFC Nordic l\u00fdkur 15. september"},"content":{"rendered":"<div class=\"\" data-block=\"true\" data-editor=\"1kudg\" data-offset-key=\"f4dsl-0-0\">\n<div class=\"_1mf _1mj\" data-offset-key=\"f4dsl-0-0\"><span data-offset-key=\"f4dsl-0-0\">S\u00ed\u00f0asti dagur snemmskr\u00e1ningar \u00e1 HFC Nordic, Norr\u00e6nu vetnisr\u00e1\u00f0stefnuna er 15. september en eftir \u00fea\u00f0 h\u00e6kkar \u00fe\u00e1ttt\u00f6kugjald um 6000 kr\u00f3nur. Ert \u00fe\u00fa b\u00fain(n) a\u00f0 tryggja \u00fe\u00e9r s\u00e6ti?<\/span><\/div>\n<\/div>\n<div class=\"\" data-block=\"true\" data-editor=\"1kudg\" data-offset-key=\"bhfqi-0-0\">\n<div class=\"_1mf _1mj\" data-offset-key=\"bhfqi-0-0\"><span data-offset-key=\"bhfqi-0-0\">\u00c1 dagskr\u00e1 ver\u00f0a fyrirlestrar fr\u00e1 helstu vetniss\u00e9rfr\u00e6\u00f0ingum Evr\u00f3pu, sem vinna a\u00f0 orkuskiptum, hver \u00e1 sinn h\u00e1tt. \u00deeirra \u00e1 me\u00f0al eru fulltr\u00faar fr\u00e1 Element Energy, PowerCell, Scania, Solaris Bus og ThinkStep \u00e1samt fj\u00f6lda annarra.<\/span><\/div>\n<div data-offset-key=\"bhfqi-0-0\">Skr\u00e1ning fer fram \u00e1 vefs\u00ed\u00f0u r\u00e1\u00f0stefnunnar <a href=\"https:\/\/www.altenergy.info\/#welcome-hfcnordic\">h\u00e9r<\/a>.<\/div>\n<div data-offset-key=\"bhfqi-0-0\">\n<div id=\"attachment_1750\" style=\"width: 299px\" class=\"wp-caption aligncenter\"><a href=\"https:\/\/graenaorkan.is\/wp-content\/uploads\/2018\/09\/IS-HFC-dreifbr\u00e9f-\u00e1g\u00fast-2018.png\"><img aria-describedby=\"caption-attachment-1750\" decoding=\"async\" loading=\"lazy\" class=\" wp-image-1750\" src=\"https:\/\/graenaorkan.is\/wp-content\/uploads\/2018\/09\/IS-HFC-dreifbr\u00e9f-\u00e1g\u00fast-2018-225x300.png\" alt=\"\" width=\"289\" height=\"380\" \/><\/a><p id=\"caption-attachment-1750\" class=\"wp-caption-text\">Nordic Hydrogen and Fuel Cells Conference ver\u00f0ur haldin \u00ed Reykjav\u00edk 9.-10 okt\u00f3ber 2018<\/p><\/div>\n<\/div>\n<\/div>\n","protected":false},"excerpt":{"rendered":"<p>S\u00ed\u00f0asti dagur snemmskr\u00e1ningar \u00e1 HFC Nordic, Norr\u00e6nu vetnisr\u00e1\u00f0stefnuna er 15. september en eftir \u00fea\u00f0 h\u00e6kkar \u00fe\u00e1ttt\u00f6kugjald um 6000 kr\u00f3nur. Ert \u00fe\u00fa b\u00fain(n) a\u00f0 tryggja \u00fe\u00e9r s\u00e6ti? \u00c1 dagskr\u00e1 ver\u00f0a fyrirlestrar fr\u00e1 helstu vetniss\u00e9rfr\u00e6\u00f0ingum Evr\u00f3pu, sem vinna a\u00f0 orkuskiptum, hver \u00e1 &hellip; <a href=\"https:\/\/graenaorkan.is\/?p=1753\">Continue reading <span class=\"meta-nav\">&rarr;<\/span><\/a><\/p>\n","protected":false},"author":5,"featured_media":0,"comment_status":"closed","ping_status":"closed","sticky":false,"template":"","format":"standard","meta":[],"categories":[5,11],"tags":[],"_links":{"self":[{"href":"https:\/\/graenaorkan.is\/index.php?rest_route=\/wp\/v2\/posts\/1753"}],"collection":[{"href":"https:\/\/graenaorkan.is\/index.php?rest_route=\/wp\/v2\/posts"}],"about":[{"href":"https:\/\/graenaorkan.is\/index.php?rest_route=\/wp\/v2\/types\/post"}],"author":[{"embeddable":true,"href":"https:\/\/graenaorkan.is\/index.php?rest_route=\/wp\/v2\/users\/5"}],"replies":[{"embeddable":true,"href":"https:\/\/graenaorkan.is\/index.php?rest_route=%2Fwp%2Fv2%2Fcomments&post=1753"}],"version-history":[{"count":1,"href":"https:\/\/graenaorkan.is\/index.php?rest_route=\/wp\/v2\/posts\/1753\/revisions"}],"predecessor-version":[{"id":1754,"href":"https:\/\/graenaorkan.is\/index.php?rest_route=\/wp\/v2\/posts\/1753\/revisions\/1754"}],"wp:attachment":[{"href":"https:\/\/graenaorkan.is\/index.php?rest_route=%2Fwp%2Fv2%2Fmedia&parent=1753"}],"wp:term":[{"taxonomy":"category","embeddable":true,"href":"https:\/\/graenaorkan.is\/index.php?rest_route=%2Fwp%2Fv2%2Fcategories&post=1753"},{"taxonomy":"post_tag","embeddable":true,"href":"https:\/\/graenaorkan.is\/index.php?rest_route=%2Fwp%2Fv2%2Ftags&post=1753"}],"curies":[{"name":"wp","href":"https:\/\/api.w.org\/{rel}","templated":true}]}}