{"id":1775,"date":"2018-11-07T11:18:57","date_gmt":"2018-11-07T11:18:57","guid":{"rendered":"http:\/\/graenaorkan.is\/?p=1775"},"modified":"2018-11-07T11:18:57","modified_gmt":"2018-11-07T11:18:57","slug":"losun-fra-hagkerfi-mest-a-islandi-2016","status":"publish","type":"post","link":"https:\/\/graenaorkan.is\/?p=1775","title":{"rendered":"Losun fr\u00e1 hagkerfi mest \u00e1 \u00cdslandi 2016"},"content":{"rendered":"<p>\u00cdsland er \u00fea\u00f0 r\u00edki inn\u00adan ESB og EFTA sv\u00e6\u00f0is\u00adins sem var me\u00f0 mesta los\u00adun kolt\u00adv\u00ed\u00ads\u00fdr\u00adings (14 tonn CO2) fr\u00e1 hag\u00adkerfi \u00e1 ein\u00adstak\u00adling \u00e1ri\u00f0 2016. Los\u00adun hef\u00adur auk\u00adist vegna auk\u00adins flugrekst\u00adurs og skipa\u00adflutn\u00adinga fr\u00e1 \u00e1r\u00adinu 2012. \u00deetta kemur fram \u00ed fr\u00e9tt \u00e1 <a href=\"https:\/\/hagstofa.is\/utgafur\/frettasafn\/umhverfi\/losun-koltvisyrings-a-einstakling\/\">vef Hagstofunnar<\/a>.\u00a0\u00c1 \u00cdslandi er los\u00adun\u00adin a\u00f0 st\u00e6rst\u00adum hluta fr\u00e1 flugi og fram\u00adlei\u00f0slu m\u00e1lma, en los\u00adun fr\u00e1 m\u00e1lm\u00adfram\u00adlei\u00f0slu kem\u00adur til vegna bruna kola \u00ed raf\u00adskaut\u00adum. Kolt\u00adv\u00ed\u00ads\u00fdr\u00adings\u00adlos\u00adun fr\u00e1 hag\u00adkerf\u00adinu \u00e1 ein\u00adstak\u00adling hafi \u00fev\u00ed fari\u00f0 vax\u00adandi fr\u00e1 \u00e1r\u00adinu 2016.<\/p>\n<p><a href=\"https:\/\/graenaorkan.is\/wp-content\/uploads\/2018\/11\/R\u00f6\u00f0un-CO2-losunar-fr\u00e1-hagkerfinu-per-person-til-2016.png\"><img decoding=\"async\" loading=\"lazy\" class=\"aligncenter wp-image-1776 size-full\" src=\"https:\/\/graenaorkan.is\/wp-content\/uploads\/2018\/11\/R\u00f6\u00f0un-CO2-losunar-fr\u00e1-hagkerfinu-per-person-til-2016.png\" alt=\"\" width=\"642\" height=\"340\" srcset=\"https:\/\/graenaorkan.is\/wp-content\/uploads\/2018\/11\/R\u00f6\u00f0un-CO2-losunar-fr\u00e1-hagkerfinu-per-person-til-2016.png 642w, https:\/\/graenaorkan.is\/wp-content\/uploads\/2018\/11\/R\u00f6\u00f0un-CO2-losunar-fr\u00e1-hagkerfinu-per-person-til-2016-300x159.png 300w, https:\/\/graenaorkan.is\/wp-content\/uploads\/2018\/11\/R\u00f6\u00f0un-CO2-losunar-fr\u00e1-hagkerfinu-per-person-til-2016-378x200.png 378w, https:\/\/graenaorkan.is\/wp-content\/uploads\/2018\/11\/R\u00f6\u00f0un-CO2-losunar-fr\u00e1-hagkerfinu-per-person-til-2016-500x265.png 500w\" sizes=\"(max-width: 642px) 100vw, 642px\" \/><\/a><\/p>\n","protected":false},"excerpt":{"rendered":"<p>\u00cdsland er \u00fea\u00f0 r\u00edki inn\u00adan ESB og EFTA sv\u00e6\u00f0is\u00adins sem var me\u00f0 mesta los\u00adun kolt\u00adv\u00ed\u00ads\u00fdr\u00adings (14 tonn CO2) fr\u00e1 hag\u00adkerfi \u00e1 ein\u00adstak\u00adling \u00e1ri\u00f0 2016. Los\u00adun hef\u00adur auk\u00adist vegna auk\u00adins flugrekst\u00adurs og skipa\u00adflutn\u00adinga fr\u00e1 \u00e1r\u00adinu 2012. \u00deetta kemur fram \u00ed fr\u00e9tt &hellip; <a href=\"https:\/\/graenaorkan.is\/?p=1775\">Continue reading <span class=\"meta-nav\">&rarr;<\/span><\/a><\/p>\n","protected":false},"author":5,"featured_media":0,"comment_status":"closed","ping_status":"closed","sticky":false,"template":"","format":"standard","meta":[],"categories":[26,17,24,21],"tags":[],"_links":{"self":[{"href":"https:\/\/graenaorkan.is\/index.php?rest_route=\/wp\/v2\/posts\/1775"}],"collection":[{"href":"https:\/\/graenaorkan.is\/index.php?rest_route=\/wp\/v2\/posts"}],"about":[{"href":"https:\/\/graenaorkan.is\/index.php?rest_route=\/wp\/v2\/types\/post"}],"author":[{"embeddable":true,"href":"https:\/\/graenaorkan.is\/index.php?rest_route=\/wp\/v2\/users\/5"}],"replies":[{"embeddable":true,"href":"https:\/\/graenaorkan.is\/index.php?rest_route=%2Fwp%2Fv2%2Fcomments&post=1775"}],"version-history":[{"count":1,"href":"https:\/\/graenaorkan.is\/index.php?rest_route=\/wp\/v2\/posts\/1775\/revisions"}],"predecessor-version":[{"id":1777,"href":"https:\/\/graenaorkan.is\/index.php?rest_route=\/wp\/v2\/posts\/1775\/revisions\/1777"}],"wp:attachment":[{"href":"https:\/\/graenaorkan.is\/index.php?rest_route=%2Fwp%2Fv2%2Fmedia&parent=1775"}],"wp:term":[{"taxonomy":"category","embeddable":true,"href":"https:\/\/graenaorkan.is\/index.php?rest_route=%2Fwp%2Fv2%2Fcategories&post=1775"},{"taxonomy":"post_tag","embeddable":true,"href":"https:\/\/graenaorkan.is\/index.php?rest_route=%2Fwp%2Fv2%2Ftags&post=1775"}],"curies":[{"name":"wp","href":"https:\/\/api.w.org\/{rel}","templated":true}]}}