{"id":1778,"date":"2018-11-07T15:22:21","date_gmt":"2018-11-07T15:22:21","guid":{"rendered":"http:\/\/graenaorkan.is\/?p=1778"},"modified":"2018-11-27T12:50:16","modified_gmt":"2018-11-27T12:50:16","slug":"hadegisfyrirlestur-22-november-um-orkuskipti-og-fluggeirann","status":"publish","type":"post","link":"https:\/\/graenaorkan.is\/?p=1778","title":{"rendered":"H\u00e1degisfyrirlestur 22. n\u00f3vember um orkuskipti og fluggeirann"},"content":{"rendered":"<p><img decoding=\"async\" src=\"https:\/\/scontent.frkv2-1.fna.fbcdn.net\/v\/t1.0-9\/45652637_1795657783896258_1854978787251322880_n.jpg?_nc_cat=105&amp;_nc_ht=scontent.frkv2-1.fna&amp;oh=a3ef708def6e6ee79d43748b5313f9d8&amp;oe=5C75C028\" alt=\"No automatic alt text available.\" \/><\/p>\n<p>N\u00fa er komi\u00f0 a\u00f0 6. vi\u00f0bur\u00f0i \u00ed fyrirlestrar\u00f6\u00f0 Orkustofnunar og Gr\u00e6nu orkunnar um orkuskipti!<\/p>\n<p>Fyrirkomulagi\u00f0 ver\u00f0ur me\u00f0 \u00feeim h\u00e6tti a\u00f0 h\u00fasi\u00f0 opnar klukkan 11:30 me\u00f0 l\u00e9ttum veitingum en formleg dagskr\u00e1 er 12:00-13:00. Efni fundarins a\u00f0 \u00feessu sinni og yfirskrift er Orkuskipti: \u00fe\u00e1ttur fluggeirans og framt\u00ed\u00f0arhorfur. \u00der\u00edr s\u00e9rfr\u00e6\u00f0ingar munu halda stutt erindi:<\/p>\n<p>Valur Klemensson, Isavia<br \/>\n<a href=\"https:\/\/graenaorkan.is\/wp-content\/uploads\/2018\/11\/2-Anna-Margr\u00e9t-Bj\u00f6rnsd\u00f3ttir-Samg\u00f6ngustofa.pdf\">Anna Margr\u00e9t Bj\u00f6rnsd\u00f3ttir Samg\u00f6ngustofa<\/a><br \/>\n<a href=\"https:\/\/graenaorkan.is\/wp-content\/uploads\/2018\/11\/3-\u00de\u00f3r\u00f0ur-\u00deorsteinsson-Verkis.pdf\">\u00de\u00f3r\u00f0ur \u00deorsteinsson Verk\u00eds<\/a><\/p>\n<p>Fundarstj\u00f3ri ver\u00f0ur Au\u00f0ur Nanna Baldvinsd\u00f3ttir, stj\u00f3rnarforma\u00f0ur Gr\u00e6nu orkunnar.<\/p>\n<p>Fyrirlestrarnir fara fram \u00ed Orkugar\u00f0i, Grens\u00e1svegi 9 en \u00feanga\u00f0 ganga str\u00e6tisvagnar n\u00famer 2, 3, 6, 14, 15, og 17 og yfirbygg\u00f0 hj\u00f3lageymsla er \u00e1 bakvi\u00f0 h\u00fasalengjuna, vi\u00f0 hli\u00f0ina \u00e1 Frumherja. Vi\u00f0bur\u00f0urinn er \u00f6llum opinn og a\u00f0gangur \u00f3keypis.<\/p>\n<p>Sj\u00e1 <a href=\"https:\/\/www.facebook.com\/events\/696637390709838\/\">h\u00e9r vi\u00f0bur\u00f0 \u00e1 Facebook.<\/a>\u00a0\u00dear m\u00e1 einnig horfa \u00e1 uppt\u00f6ku fr\u00e1 fundinum.<\/p>\n<p><a href=\"https:\/\/www.mbl.is\/frettir\/taekni\/2018\/11\/22\/fjolgun_hledslustodva_naudsyn\/\">\u00cd \u00feessari fr\u00e9tt \u00e1 mbl.is<\/a> var fjalla\u00f0 um fundinn og r\u00e6tt vi\u00f0 fyrirlesara a\u00f0 honum loknum um orkuskipti \u00ed flugsamg\u00f6ngum.<\/p>\n","protected":false},"excerpt":{"rendered":"<p>N\u00fa er komi\u00f0 a\u00f0 6. vi\u00f0bur\u00f0i \u00ed fyrirlestrar\u00f6\u00f0 Orkustofnunar og Gr\u00e6nu orkunnar um orkuskipti! Fyrirkomulagi\u00f0 ver\u00f0ur me\u00f0 \u00feeim h\u00e6tti a\u00f0 h\u00fasi\u00f0 opnar klukkan 11:30 me\u00f0 l\u00e9ttum veitingum en formleg dagskr\u00e1 er 12:00-13:00. Efni fundarins a\u00f0 \u00feessu sinni og yfirskrift er &hellip; <a href=\"https:\/\/graenaorkan.is\/?p=1778\">Continue reading <span class=\"meta-nav\">&rarr;<\/span><\/a><\/p>\n","protected":false},"author":5,"featured_media":0,"comment_status":"closed","ping_status":"closed","sticky":false,"template":"","format":"standard","meta":[],"categories":[5,26],"tags":[],"_links":{"self":[{"href":"https:\/\/graenaorkan.is\/index.php?rest_route=\/wp\/v2\/posts\/1778"}],"collection":[{"href":"https:\/\/graenaorkan.is\/index.php?rest_route=\/wp\/v2\/posts"}],"about":[{"href":"https:\/\/graenaorkan.is\/index.php?rest_route=\/wp\/v2\/types\/post"}],"author":[{"embeddable":true,"href":"https:\/\/graenaorkan.is\/index.php?rest_route=\/wp\/v2\/users\/5"}],"replies":[{"embeddable":true,"href":"https:\/\/graenaorkan.is\/index.php?rest_route=%2Fwp%2Fv2%2Fcomments&post=1778"}],"version-history":[{"count":5,"href":"https:\/\/graenaorkan.is\/index.php?rest_route=\/wp\/v2\/posts\/1778\/revisions"}],"predecessor-version":[{"id":1792,"href":"https:\/\/graenaorkan.is\/index.php?rest_route=\/wp\/v2\/posts\/1778\/revisions\/1792"}],"wp:attachment":[{"href":"https:\/\/graenaorkan.is\/index.php?rest_route=%2Fwp%2Fv2%2Fmedia&parent=1778"}],"wp:term":[{"taxonomy":"category","embeddable":true,"href":"https:\/\/graenaorkan.is\/index.php?rest_route=%2Fwp%2Fv2%2Fcategories&post=1778"},{"taxonomy":"post_tag","embeddable":true,"href":"https:\/\/graenaorkan.is\/index.php?rest_route=%2Fwp%2Fv2%2Ftags&post=1778"}],"curies":[{"name":"wp","href":"https:\/\/api.w.org\/{rel}","templated":true}]}}