{"id":1783,"date":"2018-11-21T14:26:38","date_gmt":"2018-11-21T14:26:38","guid":{"rendered":"http:\/\/graenaorkan.is\/?p=1783"},"modified":"2018-11-21T14:27:19","modified_gmt":"2018-11-21T14:27:19","slug":"hadegisvidburdur-go-og-os-hlytur-vidurkenninguna-vidburdur-i-jafnvaegi-fra-kio","status":"publish","type":"post","link":"https:\/\/graenaorkan.is\/?p=1783","title":{"rendered":"H\u00e1degisvi\u00f0bur\u00f0ur GO og OS hl\u00fdtur vi\u00f0urkenninguna &#8220;Vi\u00f0bur\u00f0ur \u00ed jafnv\u00e6gi&#8221; fr\u00e1 K\u00cdO"},"content":{"rendered":"<p><a href=\"https:\/\/graenaorkan.is\/wp-content\/uploads\/2018\/11\/banner2.png\"><img decoding=\"async\" loading=\"lazy\" class=\"aligncenter wp-image-1784 size-large\" src=\"https:\/\/graenaorkan.is\/wp-content\/uploads\/2018\/11\/banner2-1024x337.png\" alt=\"\" width=\"584\" height=\"192\" srcset=\"https:\/\/graenaorkan.is\/wp-content\/uploads\/2018\/11\/banner2-1024x337.png 1024w, https:\/\/graenaorkan.is\/wp-content\/uploads\/2018\/11\/banner2-300x99.png 300w, https:\/\/graenaorkan.is\/wp-content\/uploads\/2018\/11\/banner2-768x253.png 768w, https:\/\/graenaorkan.is\/wp-content\/uploads\/2018\/11\/banner2-420x138.png 420w, https:\/\/graenaorkan.is\/wp-content\/uploads\/2018\/11\/banner2-500x164.png 500w, https:\/\/graenaorkan.is\/wp-content\/uploads\/2018\/11\/banner2.png 1073w\" sizes=\"(max-width: 584px) 100vw, 584px\" \/><\/a><\/p>\n<p>Vi\u00f0bur\u00f0ur Gr\u00e6nu orkunnar og Orkustofnunar\u00a0hefur hloti\u00f0 vi\u00f0urkenningu fyrir a\u00f0 vera vi\u00f0bur\u00f0ur \u00ed jafnv\u00e6gi en um er a\u00f0 r\u00e6\u00f0a vi\u00f0urkenningu stj\u00f3rnar Kvenna \u00ed orkum\u00e1lum. Vi\u00f0bur\u00f0urinn sem hl\u00fdtur vi\u00f0urkenninguna ver\u00f0ur haldinn n\u00e6stkomandi fimmtudag 22. n\u00f3vember \u00ed Orkugar\u00f0i, Grens\u00e1svegi 9 kl. 11.30-13.00 og ber yfirskriftina Orkuskipti: \u00fe\u00e1ttur fluggeirans og framt\u00ed\u00f0arhorfur.<\/p>\n<p>Stj\u00f3rn f\u00e9lagsins Konur \u00ed orkum\u00e1lum hrinti n\u00fa \u00ed haust af sta\u00f0 verkefninu \u201eVi\u00f0bur\u00f0ur \u00ed jafnv\u00e6gi\u201c. F\u00e9lagi\u00f0 hefur sko\u00f0a\u00f0 skiptingu kynja me\u00f0al fyrirlesara og fundarstj\u00f3ra \u00e1 vi\u00f0bur\u00f0i GO og OS 22. n\u00f3vember og gle\u00f0st yfir \u00fev\u00ed a\u00f0 kynjajafnr\u00e9tti s\u00e9 \u00ed h\u00e1vegum haft. F\u00e9lagi\u00f0 vill \u00fev\u00ed l\u00fdsa \u00fev\u00ed yfir a\u00f0 \u00feessi vi\u00f0bur\u00f0ur flokkast sem \u201eVi\u00f0bur\u00f0ur \u00ed jafnv\u00e6gi\u201c og hl\u00fdtur \u00fear me\u00f0 Jafnr\u00e9ttisstimpil Kvenna \u00ed orkum\u00e1lum.<\/p>\n<p>\u00c1\u00a0<a class=\"secure external\" title=\"vef f\u00e9lagsins Konur \u00ed orkum\u00e1lum (Opnast \u00ed n\u00fdjum vafraglugga)\" href=\"https:\/\/www.konuriorkumalum.is\/jafnrettisstimpill\" target=\"_blank\" rel=\"noopener\">vef f\u00e9lagsins Konur \u00ed orkum\u00e1lum<\/a>\u00a0er h\u00e6gt a\u00f0 lesa n\u00e1nar um jafnr\u00e9ttisstimpilinn.<\/p>\n","protected":false},"excerpt":{"rendered":"<p>Vi\u00f0bur\u00f0ur Gr\u00e6nu orkunnar og Orkustofnunar\u00a0hefur hloti\u00f0 vi\u00f0urkenningu fyrir a\u00f0 vera vi\u00f0bur\u00f0ur \u00ed jafnv\u00e6gi en um er a\u00f0 r\u00e6\u00f0a vi\u00f0urkenningu stj\u00f3rnar Kvenna \u00ed orkum\u00e1lum. Vi\u00f0bur\u00f0urinn sem hl\u00fdtur vi\u00f0urkenninguna ver\u00f0ur haldinn n\u00e6stkomandi fimmtudag 22. n\u00f3vember \u00ed Orkugar\u00f0i, Grens\u00e1svegi 9 kl. 11.30-13.00 og &hellip; <a href=\"https:\/\/graenaorkan.is\/?p=1783\">Continue reading <span class=\"meta-nav\">&rarr;<\/span><\/a><\/p>\n","protected":false},"author":5,"featured_media":0,"comment_status":"closed","ping_status":"closed","sticky":false,"template":"","format":"standard","meta":[],"categories":[5,26],"tags":[],"_links":{"self":[{"href":"https:\/\/graenaorkan.is\/index.php?rest_route=\/wp\/v2\/posts\/1783"}],"collection":[{"href":"https:\/\/graenaorkan.is\/index.php?rest_route=\/wp\/v2\/posts"}],"about":[{"href":"https:\/\/graenaorkan.is\/index.php?rest_route=\/wp\/v2\/types\/post"}],"author":[{"embeddable":true,"href":"https:\/\/graenaorkan.is\/index.php?rest_route=\/wp\/v2\/users\/5"}],"replies":[{"embeddable":true,"href":"https:\/\/graenaorkan.is\/index.php?rest_route=%2Fwp%2Fv2%2Fcomments&post=1783"}],"version-history":[{"count":1,"href":"https:\/\/graenaorkan.is\/index.php?rest_route=\/wp\/v2\/posts\/1783\/revisions"}],"predecessor-version":[{"id":1785,"href":"https:\/\/graenaorkan.is\/index.php?rest_route=\/wp\/v2\/posts\/1783\/revisions\/1785"}],"wp:attachment":[{"href":"https:\/\/graenaorkan.is\/index.php?rest_route=%2Fwp%2Fv2%2Fmedia&parent=1783"}],"wp:term":[{"taxonomy":"category","embeddable":true,"href":"https:\/\/graenaorkan.is\/index.php?rest_route=%2Fwp%2Fv2%2Fcategories&post=1783"},{"taxonomy":"post_tag","embeddable":true,"href":"https:\/\/graenaorkan.is\/index.php?rest_route=%2Fwp%2Fv2%2Ftags&post=1783"}],"curies":[{"name":"wp","href":"https:\/\/api.w.org\/{rel}","templated":true}]}}