{"id":1798,"date":"2018-12-11T09:46:35","date_gmt":"2018-12-11T09:46:35","guid":{"rendered":"http:\/\/graenaorkan.is\/?p=1798"},"modified":"2018-12-11T09:46:35","modified_gmt":"2018-12-11T09:46:35","slug":"opel-corsa-verdur-rafbill","status":"publish","type":"post","link":"https:\/\/graenaorkan.is\/?p=1798","title":{"rendered":"Opel Corsa ver\u00f0ur rafb\u00edll"},"content":{"rendered":"<p>N\u00e6sta \u00fatg\u00e1fa Opel Corsa bifrei\u00f0arinnar ver\u00f0ur rafdrifin en\u00a0Michael Lohscheller, framkv\u00e6mdastj\u00f3ri Opel\/Vauxhall, sta\u00f0h\u00e6fir a\u00f0 allar t\u00fdpur Vauxhall og Opel mun a\u00f0 einhverju leyti ver\u00f0a rafdrifnar &#8211; hvort sem er tvinnb\u00edlar e\u00f0a hreinir rafb\u00edlar &#8211; \u00e1ri\u00f0 2024. R\u00e1\u00f0gert er a\u00f0 rafmagns \u00fatg\u00e1fa Opel Corsa komi \u00e1 marka\u00f0 2019 e\u00f0a 2020.<\/p>\n<p>Sj\u00e1 n\u00e1nar \u00ed umfj\u00f6llum <a href=\"https:\/\/www.mbl.is\/bill\/frettir\/2018\/12\/11\/opel_a_fullt_i_rafbilasmidi\/\">mbl.is<\/a> og <a href=\"https:\/\/www.carbuyer.co.uk\/news\/161195\/new-vauxhall-corsa-electric-2020-details-specs-and-release-date\">CarBuyer<\/a>.<\/p>\n<p><img decoding=\"async\" class=\"aligncenter\" src=\"https:\/\/cdn1.carbuyer.co.uk\/sites\/carbuyer_d7\/files\/styles\/gallery_adv\/public\/2017\/11\/opel_vauxhall-new-design-language_1.jpg?itok=URqp_rQy\" \/><\/p>\n","protected":false},"excerpt":{"rendered":"<p>N\u00e6sta \u00fatg\u00e1fa Opel Corsa bifrei\u00f0arinnar ver\u00f0ur rafdrifin en\u00a0Michael Lohscheller, framkv\u00e6mdastj\u00f3ri Opel\/Vauxhall, sta\u00f0h\u00e6fir a\u00f0 allar t\u00fdpur Vauxhall og Opel mun a\u00f0 einhverju leyti ver\u00f0a rafdrifnar &#8211; hvort sem er tvinnb\u00edlar e\u00f0a hreinir rafb\u00edlar &#8211; \u00e1ri\u00f0 2024. R\u00e1\u00f0gert er a\u00f0 rafmagns \u00fatg\u00e1fa &hellip; <a href=\"https:\/\/graenaorkan.is\/?p=1798\">Continue reading <span class=\"meta-nav\">&rarr;<\/span><\/a><\/p>\n","protected":false},"author":5,"featured_media":0,"comment_status":"closed","ping_status":"closed","sticky":false,"template":"","format":"standard","meta":[],"categories":[3,10],"tags":[],"_links":{"self":[{"href":"https:\/\/graenaorkan.is\/index.php?rest_route=\/wp\/v2\/posts\/1798"}],"collection":[{"href":"https:\/\/graenaorkan.is\/index.php?rest_route=\/wp\/v2\/posts"}],"about":[{"href":"https:\/\/graenaorkan.is\/index.php?rest_route=\/wp\/v2\/types\/post"}],"author":[{"embeddable":true,"href":"https:\/\/graenaorkan.is\/index.php?rest_route=\/wp\/v2\/users\/5"}],"replies":[{"embeddable":true,"href":"https:\/\/graenaorkan.is\/index.php?rest_route=%2Fwp%2Fv2%2Fcomments&post=1798"}],"version-history":[{"count":1,"href":"https:\/\/graenaorkan.is\/index.php?rest_route=\/wp\/v2\/posts\/1798\/revisions"}],"predecessor-version":[{"id":1799,"href":"https:\/\/graenaorkan.is\/index.php?rest_route=\/wp\/v2\/posts\/1798\/revisions\/1799"}],"wp:attachment":[{"href":"https:\/\/graenaorkan.is\/index.php?rest_route=%2Fwp%2Fv2%2Fmedia&parent=1798"}],"wp:term":[{"taxonomy":"category","embeddable":true,"href":"https:\/\/graenaorkan.is\/index.php?rest_route=%2Fwp%2Fv2%2Fcategories&post=1798"},{"taxonomy":"post_tag","embeddable":true,"href":"https:\/\/graenaorkan.is\/index.php?rest_route=%2Fwp%2Fv2%2Ftags&post=1798"}],"curies":[{"name":"wp","href":"https:\/\/api.w.org\/{rel}","templated":true}]}}