{"id":1801,"date":"2018-12-13T08:48:04","date_gmt":"2018-12-13T08:48:04","guid":{"rendered":"http:\/\/graenaorkan.is\/?p=1801"},"modified":"2018-12-13T08:48:04","modified_gmt":"2018-12-13T08:48:04","slug":"hofnum-erlendis-fjolgar-sem-veit-afslatt-fyrir-umhverfisframmistodu","status":"publish","type":"post","link":"https:\/\/graenaorkan.is\/?p=1801","title":{"rendered":"H\u00f6fnum erlendis fj\u00f6lgar sem veit afsl\u00e1tt fyrir umhverfisframmist\u00f6\u00f0u"},"content":{"rendered":"<p>\u00dea\u00f0 ver\u00f0ur \u00e6 algengara a\u00f0 hafnir v\u00ed\u00f0a um heim veiti \u00feeim skipum afsl\u00e1tt sem leggja sig fram vi\u00f0 a\u00f0 draga \u00far losun gr\u00f3\u00f0urh\u00fasalofttegunda og mengunarefna og er \u00fe\u00e1 gjarnan mi\u00f0a\u00f0 vi\u00f0 einkunn skipsins samkv\u00e6mt ESI stu\u00f0linum (Environmental Ship Index). \u00cd <a href=\"https:\/\/www.greenport.com\/news101\/europe\/tallinn-rewards-emission-reducing-ships?mkt_tok=eyJpIjoiTmpKak5qa3laRFE1WVdRMyIsInQiOiI4ZEhJZ1J2OFU5a0VMRGd1KzRZZlBFTmJ6QmJnRUFXUWNLXC90dEI1WFNrb2tMcUFaTUxkMnJqXC9Rem5MNmlidTFwSFpDdjZrTlV2TzREQ3psamVPQXA3MkJhWExDM2xmTjhXUGI1R01zVEFcL3VZVzlXTkxhUGVwSVFDd1FUcm5KTSJ9\">\u00feessari fr\u00e9tt fr\u00e1 GreenPort<\/a> segir fr\u00e1 \u00e1formum Tallinn hafnar \u00ed Eistlandi, sem hyggst veita vi\u00f0skiptavinum allt a\u00f0 8% afsl\u00e1tt af lestargj\u00f6ldum sem hafa hloti\u00f0 ESI stu\u00f0ul yfir 80.<\/p>\n<div id=\"attachment_1802\" style=\"width: 310px\" class=\"wp-caption aligncenter\"><a href=\"https:\/\/graenaorkan.is\/wp-content\/uploads\/2018\/12\/julie-north-720432-unsplash.jpg\"><img aria-describedby=\"caption-attachment-1802\" decoding=\"async\" loading=\"lazy\" class=\"wp-image-1802 size-medium\" src=\"https:\/\/graenaorkan.is\/wp-content\/uploads\/2018\/12\/julie-north-720432-unsplash-300x211.jpg\" alt=\"\" width=\"300\" height=\"211\" srcset=\"https:\/\/graenaorkan.is\/wp-content\/uploads\/2018\/12\/julie-north-720432-unsplash-300x211.jpg 300w, https:\/\/graenaorkan.is\/wp-content\/uploads\/2018\/12\/julie-north-720432-unsplash-768x541.jpg 768w, https:\/\/graenaorkan.is\/wp-content\/uploads\/2018\/12\/julie-north-720432-unsplash-1024x721.jpg 1024w, https:\/\/graenaorkan.is\/wp-content\/uploads\/2018\/12\/julie-north-720432-unsplash-284x200.jpg 284w, https:\/\/graenaorkan.is\/wp-content\/uploads\/2018\/12\/julie-north-720432-unsplash-426x300.jpg 426w\" sizes=\"(max-width: 300px) 100vw, 300px\" \/><\/a><p id=\"caption-attachment-1802\" class=\"wp-caption-text\">Mynd eftir Julie North \u00e1 Unsplash<\/p><\/div>\n","protected":false},"excerpt":{"rendered":"<p>\u00dea\u00f0 ver\u00f0ur \u00e6 algengara a\u00f0 hafnir v\u00ed\u00f0a um heim veiti \u00feeim skipum afsl\u00e1tt sem leggja sig fram vi\u00f0 a\u00f0 draga \u00far losun gr\u00f3\u00f0urh\u00fasalofttegunda og mengunarefna og er \u00fe\u00e1 gjarnan mi\u00f0a\u00f0 vi\u00f0 einkunn skipsins samkv\u00e6mt ESI stu\u00f0linum (Environmental Ship Index). \u00cd &hellip; <a href=\"https:\/\/graenaorkan.is\/?p=1801\">Continue reading <span class=\"meta-nav\">&rarr;<\/span><\/a><\/p>\n","protected":false},"author":5,"featured_media":0,"comment_status":"closed","ping_status":"closed","sticky":false,"template":"","format":"standard","meta":[],"categories":[23,24],"tags":[],"_links":{"self":[{"href":"https:\/\/graenaorkan.is\/index.php?rest_route=\/wp\/v2\/posts\/1801"}],"collection":[{"href":"https:\/\/graenaorkan.is\/index.php?rest_route=\/wp\/v2\/posts"}],"about":[{"href":"https:\/\/graenaorkan.is\/index.php?rest_route=\/wp\/v2\/types\/post"}],"author":[{"embeddable":true,"href":"https:\/\/graenaorkan.is\/index.php?rest_route=\/wp\/v2\/users\/5"}],"replies":[{"embeddable":true,"href":"https:\/\/graenaorkan.is\/index.php?rest_route=%2Fwp%2Fv2%2Fcomments&post=1801"}],"version-history":[{"count":1,"href":"https:\/\/graenaorkan.is\/index.php?rest_route=\/wp\/v2\/posts\/1801\/revisions"}],"predecessor-version":[{"id":1803,"href":"https:\/\/graenaorkan.is\/index.php?rest_route=\/wp\/v2\/posts\/1801\/revisions\/1803"}],"wp:attachment":[{"href":"https:\/\/graenaorkan.is\/index.php?rest_route=%2Fwp%2Fv2%2Fmedia&parent=1801"}],"wp:term":[{"taxonomy":"category","embeddable":true,"href":"https:\/\/graenaorkan.is\/index.php?rest_route=%2Fwp%2Fv2%2Fcategories&post=1801"},{"taxonomy":"post_tag","embeddable":true,"href":"https:\/\/graenaorkan.is\/index.php?rest_route=%2Fwp%2Fv2%2Ftags&post=1801"}],"curies":[{"name":"wp","href":"https:\/\/api.w.org\/{rel}","templated":true}]}}