{"id":181,"date":"2011-10-14T12:08:11","date_gmt":"2011-10-14T12:08:11","guid":{"rendered":"http:\/\/graenaorkan.is.w7.nethonnun.is\/?p=181"},"modified":"2011-10-14T12:08:11","modified_gmt":"2011-10-14T12:08:11","slug":"hvad-tharf-marga-bila","status":"publish","type":"post","link":"https:\/\/graenaorkan.is\/?p=181","title":{"rendered":"Hva\u00f0 \u00fearf marga b\u00edla?"},"content":{"rendered":"<p>Sett hafa veri\u00f0 markmi\u00f0 a\u00f0 10% orkunotkunar \u00ed samg\u00f6ngum \u00e1ri\u00f0 2020 komi fr\u00e1 endurn\u00fdjanlegum orkugj\u00f6fum. Ef vi\u00f0 gefum okkur til einf\u00f6ldunar a\u00f0 \u00fear me\u00f0 \u00feurfi 10% b\u00edlaflotans a\u00f0 n\u00fdta endurn\u00fdjanlega orkugjafa, \u00fe\u00e1 m\u00e1 leika s\u00e9r me\u00f0 \u00fatreikning \u00e1 hva\u00f0 \u00fea\u00f0 \u00fe\u00fd\u00f0ir \u00e1 komandi \u00e1rum.<\/p>\n<p>\u00cd dag eru einungis t\u00e6plega 1000 b\u00edlar sem geta falli\u00f0 \u00ed \u00feessa skilgreiningu h\u00e9r \u00e1 landi e\u00f0a ca. 0,5% flotans (mi\u00f0a vi\u00f0 200.000 b\u00edla). Ef gert er r\u00e1\u00f0 fyrir a\u00f0 n\u00fdskr\u00e1ning b\u00edla \u00e1rin 2012-2020 ver\u00f0i a\u00f0 me\u00f0altali 12.000 b\u00edlar pr. \u00e1r, \u00fe\u00e1 \u00fe\u00fd\u00f0ir \u00fea\u00f0 96.000 \u00f6kut\u00e6ki. Geri jafnframt r\u00e1\u00f0 fyrir a\u00f0 flotin ver\u00f0i svipa\u00f0 st\u00f3r \u00e1ri\u00f0 2020 (nokkur f\u00f3lksfj\u00f6lgun en \u00e1 m\u00f3ti kemur a\u00f0 fj\u00f6ldi b\u00edla pr. heimili muni f\u00e6kka).<\/p>\n<p>\u00dea\u00f0 \u00fe\u00fd\u00f0ir a\u00f0 20.000 b\u00edlar v\u00e6ru a\u00f0 n\u00fdta endurn\u00fdjanlega orkugjafa \u00e1ri\u00f0 2020 e\u00f0a a\u00f0 skr\u00e1ningar visth\u00e6fra b\u00edla a\u00f0 me\u00f0altali yr\u00f0u 2400 b\u00edlar \u00e1 \u00e1ri. (12.000 heildarskr\u00e1ningar og \u00fear me\u00f0 20% visth\u00e6fir)<\/p>\n<p>\u00de\u00e1 spyr ma\u00f0ur sig, er \u00fea\u00f0 raunh\u00e6ft?<\/p>\n","protected":false},"excerpt":{"rendered":"<p>Sett hafa veri\u00f0 markmi\u00f0 a\u00f0 10% orkunotkunar \u00ed samg\u00f6ngum \u00e1ri\u00f0 2020 komi fr\u00e1 endurn\u00fdjanlegum orkugj\u00f6fum. Ef vi\u00f0 gefum okkur til einf\u00f6ldunar a\u00f0 \u00fear me\u00f0 \u00feurfi 10% b\u00edlaflotans a\u00f0 n\u00fdta endurn\u00fdjanlega orkugjafa, \u00fe\u00e1 m\u00e1 leika s\u00e9r me\u00f0 \u00fatreikning \u00e1 hva\u00f0 \u00fea\u00f0 &hellip; <a href=\"https:\/\/graenaorkan.is\/?p=181\">Continue reading <span class=\"meta-nav\">&rarr;<\/span><\/a><\/p>\n","protected":false},"author":1,"featured_media":0,"comment_status":"open","ping_status":"open","sticky":false,"template":"","format":"standard","meta":[],"categories":[1],"tags":[],"_links":{"self":[{"href":"https:\/\/graenaorkan.is\/index.php?rest_route=\/wp\/v2\/posts\/181"}],"collection":[{"href":"https:\/\/graenaorkan.is\/index.php?rest_route=\/wp\/v2\/posts"}],"about":[{"href":"https:\/\/graenaorkan.is\/index.php?rest_route=\/wp\/v2\/types\/post"}],"author":[{"embeddable":true,"href":"https:\/\/graenaorkan.is\/index.php?rest_route=\/wp\/v2\/users\/1"}],"replies":[{"embeddable":true,"href":"https:\/\/graenaorkan.is\/index.php?rest_route=%2Fwp%2Fv2%2Fcomments&post=181"}],"version-history":[{"count":1,"href":"https:\/\/graenaorkan.is\/index.php?rest_route=\/wp\/v2\/posts\/181\/revisions"}],"predecessor-version":[{"id":182,"href":"https:\/\/graenaorkan.is\/index.php?rest_route=\/wp\/v2\/posts\/181\/revisions\/182"}],"wp:attachment":[{"href":"https:\/\/graenaorkan.is\/index.php?rest_route=%2Fwp%2Fv2%2Fmedia&parent=181"}],"wp:term":[{"taxonomy":"category","embeddable":true,"href":"https:\/\/graenaorkan.is\/index.php?rest_route=%2Fwp%2Fv2%2Fcategories&post=181"},{"taxonomy":"post_tag","embeddable":true,"href":"https:\/\/graenaorkan.is\/index.php?rest_route=%2Fwp%2Fv2%2Ftags&post=181"}],"curies":[{"name":"wp","href":"https:\/\/api.w.org\/{rel}","templated":true}]}}