{"id":1837,"date":"2019-01-21T09:50:23","date_gmt":"2019-01-21T09:50:23","guid":{"rendered":"http:\/\/graenaorkan.is\/?p=1837"},"modified":"2019-01-21T09:50:23","modified_gmt":"2019-01-21T09:50:23","slug":"cri-sigrar-sparkup-challenge-i-finnlandi","status":"publish","type":"post","link":"https:\/\/graenaorkan.is\/?p=1837","title":{"rendered":"CRI sigrar Sparkup Challenge \u00ed Finnlandi"},"content":{"rendered":"<div style=\"width: 501px\" class=\"wp-caption aligncenter\"><img decoding=\"async\" loading=\"lazy\" src=\"https:\/\/cdn.mbl.is\/frimg\/1\/10\/86\/1108656.jpg\" alt=\"\u00c3\u008dslenska t\u00c3\u00a6knifyrirt\u00c3\u00a6ki\u00c3\u00b0 Carbon Recycling International fagna\u00c3\u00b0i sigri \u00c3\u00ad Finnlandi \u00c3\u00ad ...\" width=\"491\" height=\"331\" \/><p class=\"wp-caption-text\">Mynd fr\u00e1 vi\u00f0t\u00f6ku ver\u00f0launa \u00ed Sparkup challenge. Lj\u00f3smyndi: CRI.<\/p><\/div>\n<p>Car\u00adbon Recycl\u00ading In\u00adternati\u00adonal (CRI) st\u00f3\u00f0 uppi sem sig\u00adur\u00adveg\u00adari \u00ed al\u00fej\u00f3\u00f0legri n\u00fd\u00adsk\u00f6p\u00adun\u00adar\u00adsam\u00adkeppni, Sparkup chal\u00adlenge, sem W\u00e4rtsil\u00e4 st\u00f3\u00f0 fyr\u00adir \u00ed Finn\u00adlandi.<\/p>\n<p>Keppn\u00adin\u00a0mi\u00f0a\u00f0i a\u00f0 \u00fev\u00ed a\u00f0 finna \u00fe\u00e1 t\u00e6kni\u00adlausn sem svar\u00adar best \u00e1skor\u00adun\u00adum sveiflu\u00adkenndr\u00adar fram\u00adlei\u00f0slu end\u00adur\u00adn\u00fdj\u00adan\u00adlegr\u00adar orku.<\/p>\n<p>Sj\u00e1 n\u00e1nar \u00ed <a href=\"https:\/\/www.mbl.is\/frettir\/taekni\/2019\/01\/18\/cri_vann_althjodlega_nyskopunarsamkeppni\/\">fr\u00e9tt mbl.is<\/a> og \u00e1 <a href=\"http:\/\/www.carbonrecycling.is\/news\/\">vefs\u00ed\u00f0u CRI<\/a>.<\/p>\n","protected":false},"excerpt":{"rendered":"<p>Car\u00adbon Recycl\u00ading In\u00adternati\u00adonal (CRI) st\u00f3\u00f0 uppi sem sig\u00adur\u00adveg\u00adari \u00ed al\u00fej\u00f3\u00f0legri n\u00fd\u00adsk\u00f6p\u00adun\u00adar\u00adsam\u00adkeppni, Sparkup chal\u00adlenge, sem W\u00e4rtsil\u00e4 st\u00f3\u00f0 fyr\u00adir \u00ed Finn\u00adlandi. Keppn\u00adin\u00a0mi\u00f0a\u00f0i a\u00f0 \u00fev\u00ed a\u00f0 finna \u00fe\u00e1 t\u00e6kni\u00adlausn sem svar\u00adar best \u00e1skor\u00adun\u00adum sveiflu\u00adkenndr\u00adar fram\u00adlei\u00f0slu end\u00adur\u00adn\u00fdj\u00adan\u00adlegr\u00adar orku. Sj\u00e1 n\u00e1nar \u00ed fr\u00e9tt mbl.is og &hellip; <a href=\"https:\/\/graenaorkan.is\/?p=1837\">Continue reading <span class=\"meta-nav\">&rarr;<\/span><\/a><\/p>\n","protected":false},"author":5,"featured_media":0,"comment_status":"closed","ping_status":"closed","sticky":false,"template":"","format":"standard","meta":[],"categories":[9,27],"tags":[],"_links":{"self":[{"href":"https:\/\/graenaorkan.is\/index.php?rest_route=\/wp\/v2\/posts\/1837"}],"collection":[{"href":"https:\/\/graenaorkan.is\/index.php?rest_route=\/wp\/v2\/posts"}],"about":[{"href":"https:\/\/graenaorkan.is\/index.php?rest_route=\/wp\/v2\/types\/post"}],"author":[{"embeddable":true,"href":"https:\/\/graenaorkan.is\/index.php?rest_route=\/wp\/v2\/users\/5"}],"replies":[{"embeddable":true,"href":"https:\/\/graenaorkan.is\/index.php?rest_route=%2Fwp%2Fv2%2Fcomments&post=1837"}],"version-history":[{"count":3,"href":"https:\/\/graenaorkan.is\/index.php?rest_route=\/wp\/v2\/posts\/1837\/revisions"}],"predecessor-version":[{"id":1840,"href":"https:\/\/graenaorkan.is\/index.php?rest_route=\/wp\/v2\/posts\/1837\/revisions\/1840"}],"wp:attachment":[{"href":"https:\/\/graenaorkan.is\/index.php?rest_route=%2Fwp%2Fv2%2Fmedia&parent=1837"}],"wp:term":[{"taxonomy":"category","embeddable":true,"href":"https:\/\/graenaorkan.is\/index.php?rest_route=%2Fwp%2Fv2%2Fcategories&post=1837"},{"taxonomy":"post_tag","embeddable":true,"href":"https:\/\/graenaorkan.is\/index.php?rest_route=%2Fwp%2Fv2%2Ftags&post=1837"}],"curies":[{"name":"wp","href":"https:\/\/api.w.org\/{rel}","templated":true}]}}