{"id":1842,"date":"2019-02-01T14:11:10","date_gmt":"2019-02-01T14:11:10","guid":{"rendered":"http:\/\/graenaorkan.is\/?p=1842"},"modified":"2019-02-01T14:11:10","modified_gmt":"2019-02-01T14:11:10","slug":"samkeppni-rafbilaframleidenda-hardnar","status":"publish","type":"post","link":"https:\/\/graenaorkan.is\/?p=1842","title":{"rendered":"Samkeppni rafb\u00edlaframlei\u00f0enda har\u00f0nar"},"content":{"rendered":"<p>Volkswagen hef\u00adur unni\u00f0 a\u00f0 n\u00fdrri t\u00e6kni til h\u00f6fu\u00f0s Tesla s\u00ed\u00f0an s\u00ed\u00f0la \u00e1rs 2015. Ekki er \u00fe\u00f3 um a\u00f0 r\u00e6\u00f0a raf\u00admagns\u00adb\u00edl held\u00adur b\u00edl\u00adgrind sem ber nafni\u00f0 MEB. \u00c6tlunin er a\u00f0 50 n\u00fdj\u00adar ger\u00f0ir raf\u00admagns\u00adb\u00edla ver\u00f0i sm\u00ed\u00f0a\u00f0ar utan um MED fyr\u00adir \u00e1ri\u00f0 2025. \u00dear a\u00f0 auki \u00e1\u00a0VW \u00ed vi\u00f0r\u00e6\u00f0um vi\u00f0 fj\u00f6lda b\u00edla\u00adfram\u00adlei\u00f0enda um a\u00f0 leyfa \u00feeim a\u00f0 not\u00adast vi\u00f0 n\u00fdju b\u00edl\u00adgrind\u00adina. \u00dea\u00f0 ver\u00f0ur \u00e1hugavert a\u00f0 fylgjast me\u00f0 \u00fer\u00f3uninni n\u00e6stu \u00e1r.<\/p>\n<p>N\u00e1nar um VW og samkeppni vi\u00f0 Tesla <a href=\"https:\/\/www.mbl.is\/frettir\/innlent\/2019\/01\/31\/volkswagen_vill_greida_tesla_nadarhogg\/\">\u00ed fr\u00e9tt mbl.is<\/a>.<\/p>\n","protected":false},"excerpt":{"rendered":"<p>Volkswagen hef\u00adur unni\u00f0 a\u00f0 n\u00fdrri t\u00e6kni til h\u00f6fu\u00f0s Tesla s\u00ed\u00f0an s\u00ed\u00f0la \u00e1rs 2015. Ekki er \u00fe\u00f3 um a\u00f0 r\u00e6\u00f0a raf\u00admagns\u00adb\u00edl held\u00adur b\u00edl\u00adgrind sem ber nafni\u00f0 MEB. \u00c6tlunin er a\u00f0 50 n\u00fdj\u00adar ger\u00f0ir raf\u00admagns\u00adb\u00edla ver\u00f0i sm\u00ed\u00f0a\u00f0ar utan um MED fyr\u00adir \u00e1ri\u00f0 &hellip; <a href=\"https:\/\/graenaorkan.is\/?p=1842\">Continue reading <span class=\"meta-nav\">&rarr;<\/span><\/a><\/p>\n","protected":false},"author":5,"featured_media":0,"comment_status":"closed","ping_status":"closed","sticky":false,"template":"","format":"standard","meta":[],"categories":[3,10],"tags":[],"_links":{"self":[{"href":"https:\/\/graenaorkan.is\/index.php?rest_route=\/wp\/v2\/posts\/1842"}],"collection":[{"href":"https:\/\/graenaorkan.is\/index.php?rest_route=\/wp\/v2\/posts"}],"about":[{"href":"https:\/\/graenaorkan.is\/index.php?rest_route=\/wp\/v2\/types\/post"}],"author":[{"embeddable":true,"href":"https:\/\/graenaorkan.is\/index.php?rest_route=\/wp\/v2\/users\/5"}],"replies":[{"embeddable":true,"href":"https:\/\/graenaorkan.is\/index.php?rest_route=%2Fwp%2Fv2%2Fcomments&post=1842"}],"version-history":[{"count":1,"href":"https:\/\/graenaorkan.is\/index.php?rest_route=\/wp\/v2\/posts\/1842\/revisions"}],"predecessor-version":[{"id":1843,"href":"https:\/\/graenaorkan.is\/index.php?rest_route=\/wp\/v2\/posts\/1842\/revisions\/1843"}],"wp:attachment":[{"href":"https:\/\/graenaorkan.is\/index.php?rest_route=%2Fwp%2Fv2%2Fmedia&parent=1842"}],"wp:term":[{"taxonomy":"category","embeddable":true,"href":"https:\/\/graenaorkan.is\/index.php?rest_route=%2Fwp%2Fv2%2Fcategories&post=1842"},{"taxonomy":"post_tag","embeddable":true,"href":"https:\/\/graenaorkan.is\/index.php?rest_route=%2Fwp%2Fv2%2Ftags&post=1842"}],"curies":[{"name":"wp","href":"https:\/\/api.w.org\/{rel}","templated":true}]}}