{"id":1856,"date":"2019-02-13T15:21:06","date_gmt":"2019-02-13T15:21:06","guid":{"rendered":"http:\/\/graenaorkan.is\/?p=1856"},"modified":"2019-02-13T15:21:06","modified_gmt":"2019-02-13T15:21:06","slug":"spa-danski-energi-um-endurnyjanlega-orkugjafa-2019","status":"publish","type":"post","link":"https:\/\/graenaorkan.is\/?p=1856","title":{"rendered":"Sp\u00e1 Danski Energi um endurn\u00fdjanlega orkugjafa 2019"},"content":{"rendered":"<p><img decoding=\"async\" loading=\"lazy\" class=\"\" src=\"https:\/\/www.dk-hostmaster.dk\/sites\/default\/files\/styles\/max_650x650\/public\/2017-04\/Nyhed_Dansk-Energi.jpg?itok=s27BgG28\" alt=\"Related image\" width=\"403\" height=\"256\" \/><\/p>\n<p>Samt\u00f6k danskra orkufyrirt\u00e6kja\u00a0 kynntu n\u00fdveri\u00f0 \u00e1rlega sp\u00e1 s\u00edna um \u00fer\u00f3un endurn\u00fdjanlegra orkugjafa. Nokkur lykilatri\u00f0a sk\u00fdrslunnar eru eftirfarandi:<\/p>\n<ol>\n<li>Rafv\u00e6\u00f0ing mun skipa veigamikinn sess \u00ed samdr\u00e6tt \u00ed notkun jar\u00f0efnaeldsneytis \u00ed orkukerfinu.<\/li>\n<li>Forsendur umfangsmikilla orkuskipta felast me\u00f0al annars \u00ed st\u00f3rfelldri ver\u00f0l\u00e6kkun \u00e1 vindt\u00farb\u00ednum og s\u00f3larrafhl\u00f6\u00f0um, \u00e1framhaldandi n\u00fdsk\u00f6pun \u00e1samt fr\u00e1hvarfi fr\u00e1 kolan\u00fdtingu.<\/li>\n<li>H\u00e1tt kolefnisver\u00f0 er grundvallarforsenda frambo\u00f0s \u00e1 n\u00e6gu gr\u00e6nu gr\u00e6nu rafmagni.<\/li>\n<\/ol>\n<p>Sj\u00e1 n\u00e1nar \u00ed <a href=\"https:\/\/stateofgreen.com\/en\/partners\/state-of-green\/news\/renewable-energy-outlook-2019-fulfilling-the-paris-agreement-via-electrification\/?_cldee=YW1rQG5ld2VuZXJneS5pcw%3d%3d&amp;recipientid=contact-50c2f2061fb0e711a82b000d3ab53dec-f9b5cea66f6643c5a2f77dfcbf999ac9&amp;esid=f62ca3bb-652f-e911-a84e-000d3ab4dbf2\">umfj\u00f6llun State of Green<\/a> og h\u00e9r m\u00e1 finna sk\u00fdrsluna sj\u00e1lfa (\u00e1 d\u00f6nsku).<\/p>\n<p>&nbsp;<\/p>\n","protected":false},"excerpt":{"rendered":"<p>Samt\u00f6k danskra orkufyrirt\u00e6kja\u00a0 kynntu n\u00fdveri\u00f0 \u00e1rlega sp\u00e1 s\u00edna um \u00fer\u00f3un endurn\u00fdjanlegra orkugjafa. Nokkur lykilatri\u00f0a sk\u00fdrslunnar eru eftirfarandi: Rafv\u00e6\u00f0ing mun skipa veigamikinn sess \u00ed samdr\u00e6tt \u00ed notkun jar\u00f0efnaeldsneytis \u00ed orkukerfinu. Forsendur umfangsmikilla orkuskipta felast me\u00f0al annars \u00ed st\u00f3rfelldri ver\u00f0l\u00e6kkun \u00e1 vindt\u00farb\u00ednum &hellip; <a href=\"https:\/\/graenaorkan.is\/?p=1856\">Continue reading <span class=\"meta-nav\">&rarr;<\/span><\/a><\/p>\n","protected":false},"author":5,"featured_media":0,"comment_status":"closed","ping_status":"closed","sticky":false,"template":"","format":"standard","meta":[],"categories":[17,4,21],"tags":[],"_links":{"self":[{"href":"https:\/\/graenaorkan.is\/index.php?rest_route=\/wp\/v2\/posts\/1856"}],"collection":[{"href":"https:\/\/graenaorkan.is\/index.php?rest_route=\/wp\/v2\/posts"}],"about":[{"href":"https:\/\/graenaorkan.is\/index.php?rest_route=\/wp\/v2\/types\/post"}],"author":[{"embeddable":true,"href":"https:\/\/graenaorkan.is\/index.php?rest_route=\/wp\/v2\/users\/5"}],"replies":[{"embeddable":true,"href":"https:\/\/graenaorkan.is\/index.php?rest_route=%2Fwp%2Fv2%2Fcomments&post=1856"}],"version-history":[{"count":2,"href":"https:\/\/graenaorkan.is\/index.php?rest_route=\/wp\/v2\/posts\/1856\/revisions"}],"predecessor-version":[{"id":1858,"href":"https:\/\/graenaorkan.is\/index.php?rest_route=\/wp\/v2\/posts\/1856\/revisions\/1858"}],"wp:attachment":[{"href":"https:\/\/graenaorkan.is\/index.php?rest_route=%2Fwp%2Fv2%2Fmedia&parent=1856"}],"wp:term":[{"taxonomy":"category","embeddable":true,"href":"https:\/\/graenaorkan.is\/index.php?rest_route=%2Fwp%2Fv2%2Fcategories&post=1856"},{"taxonomy":"post_tag","embeddable":true,"href":"https:\/\/graenaorkan.is\/index.php?rest_route=%2Fwp%2Fv2%2Ftags&post=1856"}],"curies":[{"name":"wp","href":"https:\/\/api.w.org\/{rel}","templated":true}]}}